{"id":17159,"date":"2020-03-20T00:08:41","date_gmt":"2020-03-19T23:08:41","guid":{"rendered":"http:\/\/www.paroisse-aucamville-st-loup-cammas.fr\/site\/?p=17159"},"modified":"2020-03-22T00:15:42","modified_gmt":"2020-03-21T23:15:42","slug":"contexte-inedit-et-douloureux-pour-lequipe-des-funerailles-qui-poursuit-sa-mission","status":"publish","type":"post","link":"https:\/\/www.paroisse-aucamville-st-loup-cammas.fr\/site\/contexte-inedit-et-douloureux-pour-lequipe-des-funerailles-qui-poursuit-sa-mission\/","title":{"rendered":"Contexte in\u00e9dit et douloureux pour l&rsquo;\u00e9quipe des fun\u00e9railles"},"content":{"rendered":"<blockquote>\n<p style=\"text-align: justify;\"><i>\u00ab\u00a0Envoie ta lumi\u00e8re et ta v\u00e9rit\u00e9\u00a0: qu\u2019elles guident mes pas et me conduisent \u00e0 ta montagne sainte, jusqu\u2019en ta demeure\u00a0\u00bb<\/i> Ps 42, 3-4. A l&rsquo;heure du confinement, l\u2019\u00e9quipe des fun\u00e9railles poursuit sa mission avec d\u00e9vouement dans des conditions difficiles. En communion de pri\u00e8re avec les familles en deuil, l&rsquo;\u00e9quipe des fun\u00e9railles n&rsquo;est plus\u00a0 pr\u00e9sente physiquement lors des c\u00e9r\u00e9monies.<\/p>\n<\/blockquote>\n<p style=\"text-align: justify;\"><em><strong>(Article paru le 20 mars 2020, actualis\u00e9 le 21 mars 2020)<\/strong><\/em> La v\u00e9rit\u00e9 de ce jour n\u2019est pas la m\u00eame que celle d\u2019hier, en tout cas pour nous les humains <b>confront\u00e9s \u00e0 cette situation in\u00e9dite, et troubl\u00e9e<\/b>. Troubl\u00e9e oui, parce que nos concitoyens ne sont pas habitu\u00e9s aux manques, aux restrictions des d\u00e9placements, et que parfois le non-respect de ces r\u00e8gles peuvent s\u2019av\u00e9rer l\u00e9tales pour son prochain. Comme le rappelle monseigneur Le Gall <i>dans une de ses communication<\/i>s\u00a0: <i>\u00ab\u00a0il est de notre devoir de citoyen et de chr\u00e9tien de veiller \u00e0 prot\u00e9ger les personnes fragiles\u00a0\u00bb<\/i>. En effet les personnes fragiles physiquement ou mentalement, peuvent \u00eatre n\u2019importe qui autour de nous, et particuli\u00e8rement les personnes fragilis\u00e9es en ces temps par la perte d\u2019un proche et qui en plus de cette peine profonde subissent les \u00ab\u00a0contraintes\u00a0\u00bb civiles. Il est difficile pour eux de toujours comprendre et accueillir ces contraintes.<\/p>\n<p style=\"text-align: justify;\">A ce jour, <b>notre paroisse accueille encore les familles dans une \u00e9glise pour la c\u00e9l\u00e9bration<\/b>, avec \u00e9videmment toutes les mesures barri\u00e8res connues, et un nombre strictement restreint de personnes. <strong>L&rsquo;\u00e9quipe des fun\u00e9railles ne peut plus participer ; seul le pr\u00eatre c\u00e9l\u00e8bre.<\/strong> Rendons gr\u00e2ce \u00e0 Dieu pour tous les ministres ordonn\u00e9s qui sont aupr\u00e8s de notre communaut\u00e9 et qui peuvent \u00eatre pr\u00e9sents. La pr\u00e9paration des fun\u00e9railles se fait, elle, par t\u00e9l\u00e9phone ou par messagerie \u00e9lectronique.<\/p>\n<p style=\"text-align: justify;\">Pourtant l<strong>a mission de l&rsquo;\u00e9quipe des fun\u00e9railles reste enti\u00e8re, par la pri\u00e8re, en particulier au moment o\u00f9 a lieu la c\u00e9r\u00e9monie.<\/strong> Par ces pri\u00e8res, l&rsquo;\u00e9quipe est reli\u00e9e aux familles mais aussi \u00e0 nos pr\u00eatres, et n\u2019oublions pas ce service pr\u00e9cieux trop souvent \u00ab transparent \u00bb de la sacristie.<\/p>\n<p style=\"text-align: justify;\">Alors, bien s\u00fbr <b>nous appr\u00e9hendons ces moments \u00e0 venir <\/b>car compatir, \u00eatre \u00ab\u00a0avec\u00a0\u00bb c\u2019est bien mais comment \u00eatre \u00ab\u00a0\u00e0 cot\u00e9\u00a0\u00bb vraiment, comme J\u00e9sus qui cheminait avec les disciples d\u2019Emma\u00fcs\u2026 Nous prions pour que le Saint Esprit non seulement nous \u00ab Envoie sa lumi\u00e8re \u00bb, mais <b>qu\u2019<\/b><b>I<\/b><b>l vienne \u00e0 notre secours pour mettre sur nos l\u00e8vres des paroles douces, tendres, aimantes\u2026<\/b> puisque notre visage, notre regard est absent, mais que notre esp\u00e9rance est plus que jamais pr\u00e9sente. Toute l\u2019\u00e9quipe est solidaire, mobilis\u00e9e, \u00e0 l\u2019\u00e9coute des probables changements \u00e0 venir, autour de nos pr\u00eatres nos pasteurs.<\/p>\n","protected":false},"excerpt":{"rendered":"<p>\u00ab\u00a0Envoie ta lumi\u00e8re et ta v\u00e9rit\u00e9\u00a0: qu\u2019elles guident mes pas [&hellip;]<\/p>\n","protected":false},"author":16,"featured_media":17160,"comment_status":"closed","ping_status":"closed","sticky":false,"template":"","format":"standard","meta":[],"categories":[105,82,94],"tags":[],"jetpack_featured_media_url":"https:\/\/www.paroisse-aucamville-st-loup-cammas.fr\/site\/wp-content\/uploads\/Fun\u00e9raille-Covid19.jpg","_links":{"self":[{"href":"https:\/\/www.paroisse-aucamville-st-loup-cammas.fr\/site\/wp-json\/wp\/v2\/posts\/17159"}],"collection":[{"href":"https:\/\/www.paroisse-aucamville-st-loup-cammas.fr\/site\/wp-json\/wp\/v2\/posts"}],"about":[{"href":"https:\/\/www.paroisse-aucamville-st-loup-cammas.fr\/site\/wp-json\/wp\/v2\/types\/post"}],"author":[{"embeddable":true,"href":"https:\/\/www.paroisse-aucamville-st-loup-cammas.fr\/site\/wp-json\/wp\/v2\/users\/16"}],"replies":[{"embeddable":true,"href":"https:\/\/www.paroisse-aucamville-st-loup-cammas.fr\/site\/wp-json\/wp\/v2\/comments?post=17159"}],"version-history":[{"count":4,"href":"https:\/\/www.paroisse-aucamville-st-loup-cammas.fr\/site\/wp-json\/wp\/v2\/posts\/17159\/revisions"}],"predecessor-version":[{"id":17169,"href":"https:\/\/www.paroisse-aucamville-st-loup-cammas.fr\/site\/wp-json\/wp\/v2\/posts\/17159\/revisions\/17169"}],"wp:featuredmedia":[{"embeddable":true,"href":"https:\/\/www.paroisse-aucamville-st-loup-cammas.fr\/site\/wp-json\/wp\/v2\/media\/17160"}],"wp:attachment":[{"href":"https:\/\/www.paroisse-aucamville-st-loup-cammas.fr\/site\/wp-json\/wp\/v2\/media?parent=17159"}],"wp:term":[{"taxonomy":"category","embeddable":true,"href":"https:\/\/www.paroisse-aucamville-st-loup-cammas.fr\/site\/wp-json\/wp\/v2\/categories?post=17159"},{"taxonomy":"post_tag","embeddable":true,"href":"https:\/\/www.paroisse-aucamville-st-loup-cammas.fr\/site\/wp-json\/wp\/v2\/tags?post=17159"}],"curies":[{"name":"wp","href":"https:\/\/api.w.org\/{rel}","templated":true}]}}