{"id":18244,"date":"2021-10-23T09:48:55","date_gmt":"2021-10-23T08:48:55","guid":{"rendered":"https:\/\/www.paroisse-aucamville-st-loup-cammas.fr\/site\/?p=18244"},"modified":"2021-10-23T09:48:55","modified_gmt":"2021-10-23T08:48:55","slug":"prieres-de-la-toussaint-aux-cimetieres-de-lensemble-paroissial","status":"publish","type":"post","link":"https:\/\/www.paroisse-aucamville-st-loup-cammas.fr\/site\/prieres-de-la-toussaint-aux-cimetieres-de-lensemble-paroissial\/","title":{"rendered":"Pri\u00e8res de la Toussaint aux cimeti\u00e8res de l\u2019Ensemble Paroissial"},"content":{"rendered":"<p>Nous vous pr\u00e9sentons ci-dessous les diverses dates et heures des pri\u00e8res de Toussaint dans les cimeti\u00e8res de l&rsquo;ensemble paroissial :<\/p>\n<p align=\"LEFT\"><span style=\"font-family: Times New Roman, serif;\"><span style=\"font-size: medium;\">Dimanche 31 Octobre\u00a0:<\/span><\/span><\/p>\n<p align=\"JUSTIFY\"><span style=\"font-family: Times New Roman, serif;\"><span style=\"font-size: medium;\"><b>St-Alban\u00a0<\/b>: apr\u00e8s la messe de 9h30 au cimeti\u00e8re Bergeron \u2013 <b>Villari\u00e8s<\/b>\u00a0: apr\u00e8s la messe de 11h au cimeti\u00e8re<\/span><\/span><\/p>\n<p align=\"JUSTIFY\"><span style=\"font-family: Times New Roman, serif;\"><span style=\"font-size: medium;\">Lundi 1<sup>er<\/sup> Novembre<\/span><\/span><\/p>\n<p align=\"JUSTIFY\"><span style=\"font-family: Times New Roman, serif;\"><span style=\"font-size: medium;\"><b>Aucamville<\/b>\u00a0: apr\u00e8s la messe de 9h30 au cimeti\u00e8re \u2013 <b>Bazus\u00a0<\/b>: 15h au cimeti\u00e8re \u2013 <b>Castelginest\u00a0<\/b>: apr\u00e8s la messe de 11h au cimeti\u00e8re de l\u2019\u00e9glise <u><b>et <\/b><\/u>au cimeti\u00e8re La Grange \u2013 <b>C\u00e9pet\u00a0<\/b>: 11h au cimeti\u00e8re &#8211; <b>Fonbeauzard\u00a0<\/b>: 15h au nouveau cimeti\u00e8re \u2013 <b>Labastide-St-Sernin<\/b>\u00a0: 12h au cimeti\u00e8re \u2013 <b>Lalande\u00a0<\/b>: 11h au cimeti\u00e8re \u2013 <b>Montberon\u00a0<\/b>: 15h au cimeti\u00e8re \u2013 <b>Pechbonnieu\u00a0<\/b>: apr\u00e8s la messe de 9h30 au cimeti\u00e8re de l\u2019\u00e9glise <u><b>et <\/b><\/u>au cimeti\u00e8re Labastidole \u2013 <b>St-Alban\u00a0<\/b>: 15h au cimeti\u00e8re du Stade \u2013 <b>St-Loup<\/b>\u00a0: 11h au cimeti\u00e8re de l\u2019\u00e9glise et 11h30 au nouveau cimeti\u00e8re <\/span><\/span><\/p>\n<p align=\"LEFT\"><span style=\"font-family: Times New Roman, serif;\"><span style=\"font-size: medium;\">Mardi 2 Novembre<\/span><\/span><\/p>\n<p align=\"JUSTIFY\"><span style=\"font-family: Times New Roman, serif;\"><span style=\"font-size: medium;\"><b>Gargas\u00a0<\/b>: 15h au cimeti\u00e8re <\/span><\/span><\/p>\n","protected":false},"excerpt":{"rendered":"<p>Nous vous pr\u00e9sentons ci-dessous les diverses dates et heures des [&hellip;]<\/p>\n","protected":false},"author":17,"featured_media":18245,"comment_status":"closed","ping_status":"closed","sticky":false,"template":"","format":"standard","meta":[],"categories":[82,94],"tags":[],"jetpack_featured_media_url":"https:\/\/www.paroisse-aucamville-st-loup-cammas.fr\/site\/wp-content\/uploads\/glycines.jpg","_links":{"self":[{"href":"https:\/\/www.paroisse-aucamville-st-loup-cammas.fr\/site\/wp-json\/wp\/v2\/posts\/18244"}],"collection":[{"href":"https:\/\/www.paroisse-aucamville-st-loup-cammas.fr\/site\/wp-json\/wp\/v2\/posts"}],"about":[{"href":"https:\/\/www.paroisse-aucamville-st-loup-cammas.fr\/site\/wp-json\/wp\/v2\/types\/post"}],"author":[{"embeddable":true,"href":"https:\/\/www.paroisse-aucamville-st-loup-cammas.fr\/site\/wp-json\/wp\/v2\/users\/17"}],"replies":[{"embeddable":true,"href":"https:\/\/www.paroisse-aucamville-st-loup-cammas.fr\/site\/wp-json\/wp\/v2\/comments?post=18244"}],"version-history":[{"count":1,"href":"https:\/\/www.paroisse-aucamville-st-loup-cammas.fr\/site\/wp-json\/wp\/v2\/posts\/18244\/revisions"}],"predecessor-version":[{"id":18246,"href":"https:\/\/www.paroisse-aucamville-st-loup-cammas.fr\/site\/wp-json\/wp\/v2\/posts\/18244\/revisions\/18246"}],"wp:featuredmedia":[{"embeddable":true,"href":"https:\/\/www.paroisse-aucamville-st-loup-cammas.fr\/site\/wp-json\/wp\/v2\/media\/18245"}],"wp:attachment":[{"href":"https:\/\/www.paroisse-aucamville-st-loup-cammas.fr\/site\/wp-json\/wp\/v2\/media?parent=18244"}],"wp:term":[{"taxonomy":"category","embeddable":true,"href":"https:\/\/www.paroisse-aucamville-st-loup-cammas.fr\/site\/wp-json\/wp\/v2\/categories?post=18244"},{"taxonomy":"post_tag","embeddable":true,"href":"https:\/\/www.paroisse-aucamville-st-loup-cammas.fr\/site\/wp-json\/wp\/v2\/tags?post=18244"}],"curies":[{"name":"wp","href":"https:\/\/api.w.org\/{rel}","templated":true}]}}