{"id":18421,"date":"2022-03-04T11:56:26","date_gmt":"2022-03-04T10:56:26","guid":{"rendered":"https:\/\/www.paroisse-aucamville-st-loup-cammas.fr\/site\/?p=18421"},"modified":"2022-03-04T11:56:26","modified_gmt":"2022-03-04T10:56:26","slug":"reprise-du-groupe-de-priere-des-hommes","status":"publish","type":"post","link":"https:\/\/www.paroisse-aucamville-st-loup-cammas.fr\/site\/reprise-du-groupe-de-priere-des-hommes\/","title":{"rendered":"Reprise du groupe de pri\u00e8re des hommes."},"content":{"rendered":"<p align=\"JUSTIFY\"><span style=\"font-family: Times New Roman, serif;\"><span style=\"font-size: medium;\">Le mercredi 16 f\u00e9vrier 2022, le groupe de pri\u00e8re des hommes a repris sur notre ensemble paroissial apr\u00e8s l\u2019interruption due au Covid, avec une douzaine d\u2019hommes, riche de ses profils diff\u00e9rents : c\u00e9libataire ou mari\u00e9, \u00e9tudiant, professionnel ou retrait\u00e9, jeune ou plus \u00e2g\u00e9. <\/span><\/span><\/p>\n<p align=\"JUSTIFY\"><span style=\"font-family: Times New Roman, serif;\"><span style=\"font-size: medium;\">Ce groupe compos\u00e9 d\u2019hommes se r\u00e9unit le troisi\u00e8me mercredi du mois, pour un temps d\u2019enseignement, d\u2019approfondissement de la foi, de pri\u00e8res et d\u2019adoration.<\/span><\/span><\/p>\n<p align=\"JUSTIFY\"><span style=\"font-family: Times New Roman, serif;\"><span style=\"font-size: medium;\">Comment s\u2019est d\u00e9roul\u00e9 notre heure de pri\u00e8res la derni\u00e8re fois\u00a0? D\u2019abord nous avons rendu gr\u00e2ce \u00e0 Dieu en prenant un temps de louange, en prenant les chants dans notre carnet paroissial. Ensuite le diacre a lu la parole de Dieu qui nous \u00e9tait donn\u00e9e ce jour-l\u00e0 : l\u2019\u00c9vangile du jour. Apr\u00e8s un bref commentaire, nous avons pris un long temps d\u2019adoration eucharistique devant le Christ expos\u00e9 dans l\u2019ostensoir. Il nous permet de faire grandir la paternit\u00e9 dans notre c\u0153ur.<\/span><\/span><\/p>\n<p align=\"JUSTIFY\"><span style=\"font-family: Times New Roman, serif;\"><span style=\"font-size: medium;\">Apr\u00e8s ce temps d\u2019adoration, nous avons partag\u00e9 entre nous sur les joies et difficult\u00e9s travers\u00e9es durant ce temps de pand\u00e9mie.<\/span><\/span><\/p>\n<p align=\"JUSTIFY\"><span style=\"font-family: Times New Roman, serif;\"><span style=\"font-size: medium;\">Nous nous retrouverons dans la joie la prochaine fois le <b>mercredi 16 mars \u00e0 20h30<\/b> dans l\u2019\u00e9glise de Pechbonnieu pour go\u00fbter ensemble la lettre apostolique du pape Fran\u00e7ois sur St Joseph\u00a0: <b>Patris Corde (avec un c\u0153ur de p\u00e8re<\/b>). <\/span><\/span><\/p>\n<p align=\"JUSTIFY\"><span style=\"font-family: Times New Roman, serif;\"><span style=\"font-size: medium;\">Le planning des rencontres pour les prochains mois\u00a0est le suivant :<\/span><\/span><\/p>\n<p align=\"JUSTIFY\"><span style=\"font-family: Times New Roman, serif;\"><span style=\"font-size: medium;\">Les Mercredis 20 avril, 18 mai, 15 juin.<\/span><\/span><\/p>\n<p align=\"JUSTIFY\"><span style=\"font-family: Times New Roman, serif;\"><span style=\"font-size: medium;\">N\u2019h\u00e9sitez pas \u00e0 faire conna\u00eetre ce groupe de pri\u00e8res des hommes autour de vous.<\/span><\/span><\/p>\n<p align=\"JUSTIFY\"><span style=\"font-family: Times New Roman, serif;\"><span style=\"font-size: medium;\">Accompagnateur diacre Guy<\/span><\/span><\/p>\n","protected":false},"excerpt":{"rendered":"<p>Le mercredi 16 f\u00e9vrier 2022, le groupe de pri\u00e8re des [&hellip;]<\/p>\n","protected":false},"author":17,"featured_media":18422,"comment_status":"closed","ping_status":"closed","sticky":false,"template":"","format":"standard","meta":[],"categories":[94,96,69],"tags":[],"jetpack_featured_media_url":"https:\/\/www.paroisse-aucamville-st-loup-cammas.fr\/site\/wp-content\/uploads\/DSC_1303.jpg","_links":{"self":[{"href":"https:\/\/www.paroisse-aucamville-st-loup-cammas.fr\/site\/wp-json\/wp\/v2\/posts\/18421"}],"collection":[{"href":"https:\/\/www.paroisse-aucamville-st-loup-cammas.fr\/site\/wp-json\/wp\/v2\/posts"}],"about":[{"href":"https:\/\/www.paroisse-aucamville-st-loup-cammas.fr\/site\/wp-json\/wp\/v2\/types\/post"}],"author":[{"embeddable":true,"href":"https:\/\/www.paroisse-aucamville-st-loup-cammas.fr\/site\/wp-json\/wp\/v2\/users\/17"}],"replies":[{"embeddable":true,"href":"https:\/\/www.paroisse-aucamville-st-loup-cammas.fr\/site\/wp-json\/wp\/v2\/comments?post=18421"}],"version-history":[{"count":1,"href":"https:\/\/www.paroisse-aucamville-st-loup-cammas.fr\/site\/wp-json\/wp\/v2\/posts\/18421\/revisions"}],"predecessor-version":[{"id":18423,"href":"https:\/\/www.paroisse-aucamville-st-loup-cammas.fr\/site\/wp-json\/wp\/v2\/posts\/18421\/revisions\/18423"}],"wp:featuredmedia":[{"embeddable":true,"href":"https:\/\/www.paroisse-aucamville-st-loup-cammas.fr\/site\/wp-json\/wp\/v2\/media\/18422"}],"wp:attachment":[{"href":"https:\/\/www.paroisse-aucamville-st-loup-cammas.fr\/site\/wp-json\/wp\/v2\/media?parent=18421"}],"wp:term":[{"taxonomy":"category","embeddable":true,"href":"https:\/\/www.paroisse-aucamville-st-loup-cammas.fr\/site\/wp-json\/wp\/v2\/categories?post=18421"},{"taxonomy":"post_tag","embeddable":true,"href":"https:\/\/www.paroisse-aucamville-st-loup-cammas.fr\/site\/wp-json\/wp\/v2\/tags?post=18421"}],"curies":[{"name":"wp","href":"https:\/\/api.w.org\/{rel}","templated":true}]}}