{"id":18699,"date":"2022-06-05T07:27:37","date_gmt":"2022-06-05T06:27:37","guid":{"rendered":"https:\/\/www.paroisse-aucamville-st-loup-cammas.fr\/site\/?p=18699"},"modified":"2022-06-05T07:27:37","modified_gmt":"2022-06-05T06:27:37","slug":"homelie-de-pere-pierre-dimanche-de-pentecote-c-05-06-22-pentecote-fete-de-lesprit-saint-qui-descend-sur-les-disciples","status":"publish","type":"post","link":"https:\/\/www.paroisse-aucamville-st-loup-cammas.fr\/site\/homelie-de-pere-pierre-dimanche-de-pentecote-c-05-06-22-pentecote-fete-de-lesprit-saint-qui-descend-sur-les-disciples\/","title":{"rendered":"Hom\u00e9lie de P\u00e8re Pierre &#8211; Dimanche de Pentec\u00f4te C (05\/06\/22) \u00ab\u00a0Pentec\u00f4te, f\u00eate de l\u2019Esprit Saint qui descend sur les disciples\u00a0\u00bb"},"content":{"rendered":"<p><span style=\"font-family: Times New Roman, serif;\"><span style=\"font-size: medium;\">L\u2019Esprit dans les lectures de ce dimanche de l\u2019ann\u00e9e C nous est r\u00e9v\u00e9l\u00e9 comme cr\u00e9ateur, d\u00e9fenseur, \u00e0 demeure\u2026<\/span><\/span><\/p>\n<p><span style=\"font-family: Times New Roman, serif;\"><span style=\"font-size: medium;\">Cr\u00e9ateur, \u00e0 tous les commencements de la vie <\/span><\/span><\/p>\n<p><span style=\"font-family: Times New Roman, serif;\"><span style=\"font-size: medium;\">D\u00e9fenseur aujourd\u2019hui \u00e0 tous les moments de notre vie<\/span><\/span><\/p>\n<p><span style=\"font-family: Times New Roman, serif;\"><span style=\"font-size: medium;\">A demeure depuis notre bapt\u00eame et jusqu\u2019\u00e0 la demeure d\u2019\u00e9ternit\u00e9<\/span><\/span><\/p>\n<p><span style=\"color: #cc0000;\"><span style=\"font-family: Times New Roman, serif;\"><span style=\"font-size: medium;\"><b>L\u2019Esprit Saint est cr\u00e9ateur<\/b><\/span><\/span><\/span><span style=\"color: #cc0000;\"><span style=\"font-family: Times New Roman, serif;\"><span style=\"font-size: medium;\">\u00a0<\/span><\/span><\/span><span style=\"font-family: Times New Roman, serif;\"><span style=\"font-size: medium;\">: c\u2019est le psaume qui nous le fait conna\u00eetre\u00a0: \u00ab\u00a0Tu envoies ton souffle\u00a0: ils sont cr\u00e9\u00e9s\u00a0; tu renouvelles la face de la terre\u00a0\u00bb Ce que l\u2019Esprit de Dieu est \u00e0 la cr\u00e9ation, il l\u2019est aussi \u00e0 la cr\u00e9ation de l\u2019\u00c9glise\u00a0: c\u2019est ce m\u00eame souffle qui vient inaugurer l\u2019\u00e9v\u00e9nement de la naissance de l\u2019\u00c9glise\u00a0: \u00a0\u00ab\u00a0Soudain un bruit survint du ciel comme un violent coup de vent\u00a0: la maison o\u00f9 ils \u00e9taient assis en fut remplie tout enti\u00e8re.\u00a0\u00bb<\/span><\/span><\/p>\n<p><span style=\"font-family: Times New Roman, serif;\"><span style=\"font-size: medium;\">Et il y eut 3000 bapt\u00eames ce jour-l\u00e0\u00a0: convertissez-vous, faites-vous baptiser et vous recevrez alors le don du Saint Esprit\u00a0: premier moment de la vie chr\u00e9tienne, et commencement de l\u2019\u00c9glise. Et il y aura en cette f\u00eate de Pentec\u00f4te \u00e0 la cath\u00e9drale de Toulouse pr\u00e8s de 200 adultes qui recevront par le sacrement de Confirmation, le don du Saint Esprit dont 8 de notre ensemble paroissial.<\/span><\/span><\/p>\n<p><span style=\"font-family: Times New Roman, serif;\"><span style=\"font-size: medium;\">L\u2019Esprit Saint n\u2019attend pas que nous soyons pr\u00eats ou que nous ayons tout compris de lui pour faire du nouveau dans notre vie\u00a0: la vie et la connaissance de l\u2019Esprit Saint ne sont pas d\u2019abord une compr\u00e9hension intellectuelle\u00a0! Comme l\u2019enseigne saint Bon aventure, (cit\u00e9 par le Pape Fran\u00e7ois dans Gaulette et exultate ) on doit \u00ab laisser en arri\u00e8re toutes les op\u00e9rations de l\u2019intelligence, puis transporter et transformer en Dieu le foyer de toutes nos affections [\u2026] Il faut accorder peu \u00e0 la recherche et beaucoup \u00e0 l\u2019onction ; peu \u00e0 la langue et le plus possible \u00e0 la joie int\u00e9rieure ; peu aux discours et aux livres, et tout au don de Dieu, c\u2019est-\u00e0-dire au saint Esprit ; peu ou rien \u00e0 la cr\u00e9ature et tout \u00e0 l\u2019\u00catre cr\u00e9ateur : P\u00e8re, Fils et saint Esprit \u00bb (<\/span><\/span><span style=\"font-family: Times New Roman, serif;\"><span style=\"font-size: medium;\"><i>Itinerarium mentis in Deum<\/i><\/span><\/span><span style=\"font-family: Times New Roman, serif;\"><span style=\"font-size: medium;\">, VII, 4-5<\/span><\/span><\/p>\n<p><span style=\"color: #cc0000;\"><span style=\"font-family: Times New Roman, serif;\"><span style=\"font-size: medium;\"><b>L\u2019Esprit est d\u00e9fenseur<\/b><\/span><\/span><\/span><span style=\"color: #cc0000;\"><span style=\"font-family: Times New Roman, serif;\"><span style=\"font-size: medium;\">\u00a0<\/span><\/span><\/span><span style=\"font-family: Times New Roman, serif;\"><span style=\"font-size: medium;\">: C\u2019est J\u00e9sus qui nous le r\u00e9v\u00e8le dans l\u2019\u00c9vangile\u00a0: \u00ab\u00a0Moi, je prierai le P\u00e8re, et il vous donnera un autre D\u00e9fenseur qui sera pour toujours avec vous.\u00a0\u00bb \u00ab\u00a0<\/span><\/span><span style=\"font-family: Times New Roman, serif;\"><span style=\"font-size: medium;\">Cet Esprit de v\u00e9rit\u00e9, pr\u00e9cis\u00e9ment, J\u00e9sus l&rsquo;appelle le Paraclet &#8211; et\u00a0<\/span><\/span><span style=\"font-family: Times New Roman, serif;\"><span style=\"font-size: medium;\"><i>Parakletos<\/i><\/span><\/span><span style=\"font-family: Times New Roman, serif;\"><span style=\"font-size: medium;\">\u00a0veut dire \u00abconsolateur\u00bb, et aussi \u00abintercesseur\u00bb ou \u00abd\u00e9fenseur\u00bb. Et il dit qu&rsquo;il est \u00ab un autre \u00bb Paraclet, le second, parce que J\u00e9sus Christ lui-m\u00eame est le premier Paraclet, car il est le premier qui porte et donne la Bonne Nouvelle. L&rsquo;Esprit Saint vient apr\u00e8s lui et par lui pour poursuivre dans le monde, gr\u00e2ce \u00e0 l\u2019\u00c9glise,\u00a0<\/span><\/span><span style=\"font-family: Times New Roman, serif;\"><span style=\"font-size: medium;\"><i>l&rsquo;\u0153uvre de la Bonne Nouvelle du salut<\/i><\/span><\/span><span style=\"font-family: Times New Roman, serif;\"><span style=\"font-size: medium;\">. Cette continuation de son \u0153uvre par l&rsquo;Esprit Saint, J\u00e9sus en parle plus d&rsquo;une fois pendant le m\u00eame discours d&rsquo;adieu o\u00f9 il pr\u00e9parait les Ap\u00f4tres, r\u00e9unis au C\u00e9nacle, \u00e0 son d\u00e9part, c&rsquo;est-\u00e0-dire \u00e0 sa passion et \u00e0 sa mort sur la Croix.\u00a0\u00bb (Jean-Paul II, Dominum et Vivificantem n\u00b03) <\/span><\/span><\/p>\n<p><span style=\"font-family: Times New Roman, serif;\"><span style=\"font-size: medium;\">\u00ab\u00a0il agit comme\u00a0<\/span><\/span><span style=\"font-family: Times New Roman, serif;\"><span style=\"font-size: medium;\"><i>Consolateur, Intercesseur, D\u00e9fenseur<\/i><\/span><\/span><span style=\"font-family: Times New Roman, serif;\"><span style=\"font-size: medium;\">, sp\u00e9cialement lorsque l&rsquo;homme, lorsque l&rsquo;humanit\u00e9 se trouve affront\u00e9e au jugement de condamnation de l&rsquo;\u00abaccusateur\u00bb, dont l&rsquo;Apocalypse dit qu&rsquo;il \u00abaccuse nos fr\u00e8res jour et nuit devant notre Dieu\u00bb. L&rsquo;Esprit Saint ne cesse d&rsquo;\u00eatre\u00a0<\/span><\/span><span style=\"font-family: Times New Roman, serif;\"><span style=\"font-size: medium;\"><i>le gardien de l&rsquo;esp\u00e9rance<\/i><\/span><\/span><span style=\"font-family: Times New Roman, serif;\"><span style=\"font-size: medium;\">\u00a0dans le c\u0153ur de l&rsquo;homme: de l&rsquo;esp\u00e9rance de toutes les cr\u00e9atures humaines et sp\u00e9cialement de celles qui \u00abposs\u00e8dent les pr\u00e9mices de l&rsquo;Esprit\u00bb et qui \u00abattendent la r\u00e9demption de leur corps\u00bb. (Jean-Paul II, Dominum et Vivificantem n\u00b067)<\/span><\/span><\/p>\n<p><span style=\"font-family: Times New Roman, serif;\"><span style=\"font-size: medium;\">Enfin l\u2019Esprit est \u00e0 demeure en nous\u00a0: c\u2019est saint Paul qui insiste dans la seconde lecture sur cette dimension pneumatique de notre vie <\/span><\/span><span style=\"font-family: Times New Roman, serif;\"><span style=\"font-size: medium;\">et il le r\u00e9p\u00e8te\u00a0par trois fois<\/span><\/span><span style=\"font-family: Times New Roman, serif;\"><span style=\"font-size: medium;\">\u00a0: \u00ab\u00a0<\/span><\/span><span style=\"font-family: Times New Roman, serif;\"><span style=\"font-size: medium;\">vous n\u2019\u00eates pas sous l\u2019emprise de la chair, mais sous celle de l\u2019Esprit, puisque l\u2019Esprit de Dieu habite en vous.\u00a0\u00bb \u00ab\u00a0Et si l\u2019Esprit de celui qui a ressuscit\u00e9 J\u00e9sus d\u2019entre les morts habite en vous, celui qui a ressuscit\u00e9 J\u00e9sus, le Christ, d\u2019entre les morts donnera aussi la vie \u00e0 vos corps mortels par son Esprit qui habite en vous.\u00a0\u00bb et il le dit pour que nous n\u2019ayons plus peur\u00a0: nous sommes fils et filles de Dieu\u00a0!<\/span><\/span><\/p>\n<p><span style=\"font-family: Times New Roman, serif;\"><span style=\"font-size: medium;\">C\u2019est ce qu\u2019\u00e9crit le Pape Fran\u00e7ois\u00a0: \u00ab\u00a0 <\/span><\/span><span style=\"font-family: Times New Roman, serif;\"><span style=\"font-size: medium;\">il nous faut marcher en union avec lui en reconnaissant son amour constant dans nos vies. Il ne faut plus avoir peur de cette pr\u00e9sence qui ne peut que nous faire du bien. Il est le P\u00e8re qui nous a donn\u00e9 la vie et qui nous aime tant. Une fois que nous l\u2019acceptons et que nous cessons de penser notre vie sans lui, l\u2019angoisse de la solitude dispara\u00eet (cf.\u00a0<\/span><\/span><span style=\"font-family: Times New Roman, serif;\"><span style=\"font-size: medium;\"><i>Ps<\/i><\/span><\/span><span style=\"font-family: Times New Roman, serif;\"><span style=\"font-size: medium;\">\u00a0139, 7). Et si nous n\u2019\u00e9loignons plus Dieu de nous et que nous vivons en sa pr\u00e9sence, nous pourrons lui permettre d\u2019examiner nos c\u0153urs pour qu\u2019il voie s\u2019ils sont sur le bon chemin (cf.\u00a0<\/span><\/span><span style=\"font-family: Times New Roman, serif;\"><span style=\"font-size: medium;\"><i>Ps<\/i><\/span><\/span><span style=\"font-family: Times New Roman, serif;\"><span style=\"font-size: medium;\">\u00a0139, 23-24). Ainsi, nous conna\u00eetrons la volont\u00e9 du Seigneur, ce qui lui pla\u00eet et ce qui est parfait (cf.\u00a0<\/span><\/span><span style=\"font-family: Times New Roman, serif;\"><span style=\"font-size: medium;\"><i>Rm<\/i><\/span><\/span><span style=\"font-family: Times New Roman, serif;\"><span style=\"font-size: medium;\">\u00a012, 1-2) et nous le laisserons nous modeler comme un potier (cf.\u00a0<\/span><\/span><span style=\"font-family: Times New Roman, serif;\"><span style=\"font-size: medium;\"><i>Is<\/i><\/span><\/span><span style=\"font-family: Times New Roman, serif;\"><span style=\"font-size: medium;\">\u00a029, 16). Nous avons souvent dit que Dieu habite en nous, mais il est mieux de dire que nous habitons en lui, qu\u2019il nous permet de vivre dans sa lumi\u00e8re et dans son amour. Il est notre temple : \u00ab La chose que je cherche, c\u2019est d\u2019habiter la maison du Seigneur tous les jours de ma vie \u00bb (cf.\u00a0<\/span><\/span><span style=\"font-family: Times New Roman, serif;\"><span style=\"font-size: medium;\"><i>Ps<\/i><\/span><\/span><span style=\"font-family: Times New Roman, serif;\"><span style=\"font-size: medium;\">\u00a027, 4). \u00ab Mieux vaut un jour dans tes parvis que mille \u00e0 ma guise \u00bb (<\/span><\/span><span style=\"font-family: Times New Roman, serif;\"><span style=\"font-size: medium;\"><i>Ps<\/i><\/span><\/span><span style=\"font-family: Times New Roman, serif;\"><span style=\"font-size: medium;\">\u00a084, 11). C\u2019est en lui que nous sommes sanctifi\u00e9s.\u00a0\u00bb (Gaudete et Exultate n\u00b051)<\/span><\/span><\/p>\n<p><span style=\"font-family: Times New Roman, serif;\"><span style=\"font-size: medium;\">Et c\u2019est Lui qui nous fera habiter cette demeure d\u2019\u00e9ternit\u00e9. En attendant ce jour b\u00e9ni, Vive le Saint Esprit Cr\u00e9ateur, D\u00e9fenseur et qui fait sa demeure en nous\u00a0!<\/span><\/span><\/p>\n","protected":false},"excerpt":{"rendered":"<p>L\u2019Esprit dans les lectures de ce dimanche de l\u2019ann\u00e9e C [&hellip;]<\/p>\n","protected":false},"author":17,"featured_media":0,"comment_status":"closed","ping_status":"closed","sticky":false,"template":"","format":"standard","meta":[],"categories":[1],"tags":[],"jetpack_featured_media_url":"","_links":{"self":[{"href":"https:\/\/www.paroisse-aucamville-st-loup-cammas.fr\/site\/wp-json\/wp\/v2\/posts\/18699"}],"collection":[{"href":"https:\/\/www.paroisse-aucamville-st-loup-cammas.fr\/site\/wp-json\/wp\/v2\/posts"}],"about":[{"href":"https:\/\/www.paroisse-aucamville-st-loup-cammas.fr\/site\/wp-json\/wp\/v2\/types\/post"}],"author":[{"embeddable":true,"href":"https:\/\/www.paroisse-aucamville-st-loup-cammas.fr\/site\/wp-json\/wp\/v2\/users\/17"}],"replies":[{"embeddable":true,"href":"https:\/\/www.paroisse-aucamville-st-loup-cammas.fr\/site\/wp-json\/wp\/v2\/comments?post=18699"}],"version-history":[{"count":1,"href":"https:\/\/www.paroisse-aucamville-st-loup-cammas.fr\/site\/wp-json\/wp\/v2\/posts\/18699\/revisions"}],"predecessor-version":[{"id":18700,"href":"https:\/\/www.paroisse-aucamville-st-loup-cammas.fr\/site\/wp-json\/wp\/v2\/posts\/18699\/revisions\/18700"}],"wp:attachment":[{"href":"https:\/\/www.paroisse-aucamville-st-loup-cammas.fr\/site\/wp-json\/wp\/v2\/media?parent=18699"}],"wp:term":[{"taxonomy":"category","embeddable":true,"href":"https:\/\/www.paroisse-aucamville-st-loup-cammas.fr\/site\/wp-json\/wp\/v2\/categories?post=18699"},{"taxonomy":"post_tag","embeddable":true,"href":"https:\/\/www.paroisse-aucamville-st-loup-cammas.fr\/site\/wp-json\/wp\/v2\/tags?post=18699"}],"curies":[{"name":"wp","href":"https:\/\/api.w.org\/{rel}","templated":true}]}}