{"id":18800,"date":"2022-08-21T09:32:19","date_gmt":"2022-08-21T08:32:19","guid":{"rendered":"https:\/\/www.paroisse-aucamville-st-loup-cammas.fr\/site\/?p=18800"},"modified":"2022-08-21T09:32:19","modified_gmt":"2022-08-21T08:32:19","slug":"homelie-de-pere-pierre-21eme-dimanche-to-c-21-08-22-combien-seront-sauves-combien-non","status":"publish","type":"post","link":"https:\/\/www.paroisse-aucamville-st-loup-cammas.fr\/site\/homelie-de-pere-pierre-21eme-dimanche-to-c-21-08-22-combien-seront-sauves-combien-non\/","title":{"rendered":"Hom\u00e9lie de p\u00e8re Pierre &#8211; 21\u00e8me dimanche TO C (21\/08\/22) \u00ab\u00a0combien seront sauv\u00e9s, combien non ?\u00a0\u00bb"},"content":{"rendered":"<p align=\"JUSTIFY\"><span style=\"color: #000000;\"><span style=\"font-family: Times New Roman, serif;\"><span style=\"font-size: medium;\">L\u2019\u00c9vangile de ce jour (Lc 13, 22-30) nous pr\u00e9sente J\u00e9sus qui passe en enseignant dans les villes et les villages en direction de J\u00e9rusalem, o\u00f9 il sait qu\u2019il doit mourir sur la croix pour notre salut \u00e0 tous. \u00a0<\/span><\/span><\/span><\/p>\n<p align=\"JUSTIFY\"><span style=\"color: #000000;\"><span style=\"font-family: Times New Roman, serif;\"><span style=\"font-size: medium;\">J\u00e9sus r\u00e9pond \u00e0 une question : Seigneur, n\u2019y a-t-il que peu de gens \u00e0 \u00eatre sauv\u00e9s ? La question \u00e9tait discut\u00e9e \u00e0 cette \u00e9poque \u2013 combien seront sauv\u00e9s, combien non\u2026 \u2013 et il existait diff\u00e9rentes mani\u00e8res d\u2019interpr\u00e9ter l\u2019\u00c9criture \u00e0 ce sujet, selon les textes que l\u2019on prenait. Nous ne savons rien sur celui qui pose cette question : un veuf, une maman inqui\u00e8te pour un de ses enfants qui a mal tourn\u00e9 ? \u00a0\u00a0<\/span><\/span><\/span><\/p>\n<p align=\"JUSTIFY\"><span style=\"color: #000000;\"><span style=\"font-family: Times New Roman, serif;\"><span style=\"font-size: medium;\">En tout cas, c\u2019\u00e9tait quelqu\u2019un qui croyait \u00e0 la vie \u00e9ternelle, mais qui se posait la question si c\u2019\u00e9tait difficile d\u2019y arriver, comme les pharisiens le disaient selon l\u2019opinion la plus courante de l\u2019\u00e9poque. Dans notre culture, c\u2019est l\u2019opinion contraire qui pr\u00e9vaut. De nos jours on pense volontiers que la grande majorit\u00e9 des gens sont gentils, et iront donc au ciel.\u00a0<\/span><\/span><\/span><\/p>\n<p align=\"JUSTIFY\"><span style=\"color: #000000;\"><span style=\"font-family: Times New Roman, serif;\"><span style=\"font-size: medium;\">La r\u00e9ponse de J\u00e9sus est pleine d\u2019enseignements : J\u00e9sus retourne la question \u2013 qui concerne davantage la quantit\u00e9, \u00ab peu de gens\u2026 ? \u00bb \u2013 et il situe au contraire la r\u00e9ponse sur le plan de la responsabilit\u00e9, nous invitant \u00e0 bien employer le temps pr\u00e9sent. Il dit en effet : \u00ab Efforcez-vous d\u2019entrer par la porte \u00e9troite, car, je vous le dis, beaucoup chercheront \u00e0 entrer et n\u2019y parviendront pas \u00bb. la r\u00e9ponse du Sauveur vise concr\u00e8tement la vie de ceux qui l\u2019interrogent, parce que le vrai probl\u00e8me, concret, n\u2019est pas de savoir si les autres se sauvent, mais de conna\u00eetre comment nous pouvons nous sauver.\u00a0<\/span><\/span><\/span><\/p>\n<p align=\"JUSTIFY\"><span style=\"color: #000000;\"><span style=\"font-family: Times New Roman, serif;\"><span style=\"font-size: medium;\">Par ces paroles, comme dit le pape Fran\u00e7ois, J\u00e9sus fait comprendre que ce n\u2019est pas une question de nombre, il n\u2019y a pas de \u00ab numerus clausus \u00bb au paradis ! \u00a0<\/span><\/span><\/span><\/p>\n<p align=\"JUSTIFY\"><span style=\"color: #000000;\"><span style=\"font-family: Times New Roman, serif;\"><span style=\"font-size: medium;\">Mais il s\u2019agit de passer d\u00e8s maintenant par le bon passage, et ce bon passage est pour tous, mais il est \u00e9troit. Voil\u00e0 le probl\u00e8me. J\u00e9sus ne veut pas que nous soyons dans l\u2019illusion en disant : \u00ab Oui, soyez tranquilles, c\u2019est facile, il y a une belle autoroute et au fond un grand portail\u2026 \u00bb. Il ne nous dit pas cela : il nous parle de la porte \u00e9troite.\u00a0<\/span><\/span><\/span><\/p>\n<p align=\"JUSTIFY\"><span style=\"color: #000000;\">\u00a0<\/span><\/p>\n<p align=\"JUSTIFY\"><span style=\"color: #000000;\"><span style=\"font-family: Times New Roman, serif;\"><span style=\"font-size: medium;\">Mais en cela il nous donne une premi\u00e8re v\u00e9rit\u00e9 : D\u2019abord,\u00a0<b>le Ciel existe bien<\/b>. Puisqu\u2019il y a une porte pour y acc\u00e9der ; la mani\u00e8re dont J\u00e9sus d\u00e9crit le salut, la vie \u00e9ternelle C\u2019est le banquet dans le Royaume des Cieux,.Ensuite, second enseignement <b>l\u2019enfer existe<\/b>. C\u2019est tout ce qui est \u00ab dehors \u00bb, l\u00e0 o\u00f9 il y a \u00ab des pleurs et des grincements de dents \u00bb. Ce sont des images qui expriment la frustration d\u00e9sesp\u00e9r\u00e9e \u00e9prouv\u00e9e par celui qui s\u2019est coup\u00e9 pour toujours de l\u2019amiti\u00e9 avec Dieu.\u00a0<\/span><\/span><\/span><\/p>\n<p align=\"JUSTIFY\"><span style=\"color: #000000;\">\u00a0<\/span><\/p>\n<p align=\"JUSTIFY\"><span style=\"color: #000000;\"><span style=\"font-family: Times New Roman, serif;\"><span style=\"font-size: medium;\">Enfin, pour avoir acc\u00e8s au ciel, il faut donc passer par la porte \u00e9troite: \u00a0troisi\u00e8me enseignement : Nous devons donc nous poser la question : est-ce que le verbe \u2018s\u2019efforcer\u2019 est celui qui caract\u00e9rise le mieux notre vie chr\u00e9tienne ? Le verbe grec est \u00ab agonizomai \u00bb. Ce terme grec a une connotation d\u2019effort supr\u00eame. C\u2019est ce verbe qui a donn\u00e9 en fran\u00e7ais le verbe \u2018agoniser\u2019 et le substantif \u2018agonie\u2019. Les Grecs utilisaient ce terme pour d\u00e9crire les comp\u00e9titions de leurs Jeux Olympiques, et aussi pour le combat corps-\u00e0-corps avec l\u2019ennemi. Il faudrait donc traduire plut\u00f4t : \u00ab\u00a0Luttez pour entrer par la porte \u00e9troite\u00a0\u00bb. \u00a0C\u2019est le th\u00e8me du combat spirituel.\u00a0<\/span><\/span><\/span><\/p>\n<p align=\"JUSTIFY\"><span style=\"color: #000000;\"><span style=\"font-family: Times New Roman, serif;\"><span style=\"font-size: medium;\"><b>nous devons sans cesse faire des efforts<\/b>. Il ne suffit pas d\u2019avoir une connaissance superficielle du Christ, comme les gens qui disaient : \u00ab Nous avons mang\u00e9 et bu en ta pr\u00e9sence, et tu as enseign\u00e9 sur nos places. \u00bb\u00a0<\/span><\/span><\/span><\/p>\n<p align=\"JUSTIFY\"><span style=\"color: #000000;\"><span style=\"font-family: Times New Roman, serif;\"><span style=\"font-size: medium;\">Il nous dit les choses telles qu\u2019elles sont : le passage est \u00e9troit. Dans quel sens ? Dans le sens o\u00f9, pour \u00eatre sauv\u00e9, il faut aimer Dieu et son prochain, et ce n\u2019est pas commode ! C\u2019est une \u00ab porte \u00e9troite \u00bb parce que c\u2019est exigeant, l\u2019amour est toujours exigeant, il demande un engagement, ou plut\u00f4t un \u00ab effort \u00bb, c\u2019est-\u00e0-dire une volont\u00e9 d\u00e9termin\u00e9e et pers\u00e9v\u00e9rante de vivre selon l\u2019\u00c9vangile. Saint Paul l\u2019appelle \u00ab le bon combat de la foi \u00bb (1 Tm 6, 12). Il faut un effort de tous les jours, de tout le jour pour aimer Dieu et son prochain.\u00a0<\/span><\/span><\/span><\/p>\n<p align=\"JUSTIFY\"><span style=\"color: #000000;\"><span style=\"font-family: Times New Roman, serif;\"><span style=\"font-size: medium;\">Ce que J\u00e9sus veut nous faire comprendre est clair. Il veut que nous prenions l\u2019aventure de notre vie au s\u00e9rieux, que nous fassions des choix responsables. Il veut nous conduire tous au Ciel, mais il ne peut le faire que si nous prenons la d\u00e9cision de le suivre.\u00a0<\/span><\/span><\/span><\/p>\n<p align=\"JUSTIFY\"><span style=\"color: #000000;\">\u00a0<\/span><span style=\"color: #000000;\"><span style=\"font-family: Times New Roman, serif;\"><span style=\"font-size: medium;\">Pour ceux qui passent leur temps \u00e0 utiliser leur pouvoir \u00a0en d\u00e9tournant la justice, en exploitant les pauvres, en continuant de saboter la plan\u00e8te, en faisant des guerres injustes, cet \u00e9vangile nous rappelle qu\u2019ils sont sur la voie large de la perdition et qu\u2019ils font le choix de l\u2019enfer s\u2019ils ne changent pas de direction.\u00a0<\/span><\/span><\/span><\/p>\n<p align=\"JUSTIFY\"><span style=\"color: #000000;\"><span style=\"font-family: Times New Roman, serif;\"><span style=\"font-size: medium;\">pour nous, chr\u00e9tiens, cela signifie que nous sommes appel\u00e9s \u00e0 instaurer une v\u00e9ritable communion avec J\u00e9sus, en priant, en allant \u00e0 l\u2019\u00e9glise, en nous approchant des sacrements et en nous nourrissant de sa Parole. Cela nous garde dans la foi, nourrit notre esp\u00e9rance et ravive notre charit\u00e9. Et ainsi, avec la gr\u00e2ce de Dieu, nous pouvons et nous devons employer notre vie pour le bien de nos fr\u00e8res, combattre toute forme de mal et d\u2019injustice.<\/span><\/span><\/span><\/p>\n<p align=\"JUSTIFY\"><span style=\"color: #000000;\"><span style=\"font-family: Times New Roman, serif;\"><span style=\"font-size: medium;\">Que la Vierge Marie nous y aide. Elle est pass\u00e9e \u00e0 travers la porte \u00e9troite qu\u2019est J\u00e9sus. Elle l\u2019a accueilli de tout son c\u0153ur et l\u2019a suivi tous les jours de sa vie, m\u00eame lorsqu\u2019elle ne comprenait pas, m\u00eame lorsqu\u2019une \u00e9p\u00e9e transper\u00e7ait son \u00e2me. C\u2019est pourquoi nous l\u2019invoquons comme \u00ab Porte du ciel \u00bb : Marie, Porte du ciel, une porte qui reproduit exactement la forme de J\u00e9sus, la porte du c\u0153ur de Dieu, un c\u0153ur exigeant mais ouvert \u00e0 tous.\u00a0<\/span><\/span><\/span><\/p>\n","protected":false},"excerpt":{"rendered":"<p>L\u2019\u00c9vangile de ce jour (Lc 13, 22-30) nous pr\u00e9sente J\u00e9sus [&hellip;]<\/p>\n","protected":false},"author":17,"featured_media":0,"comment_status":"closed","ping_status":"closed","sticky":false,"template":"","format":"standard","meta":[],"categories":[68,1],"tags":[],"jetpack_featured_media_url":"","_links":{"self":[{"href":"https:\/\/www.paroisse-aucamville-st-loup-cammas.fr\/site\/wp-json\/wp\/v2\/posts\/18800"}],"collection":[{"href":"https:\/\/www.paroisse-aucamville-st-loup-cammas.fr\/site\/wp-json\/wp\/v2\/posts"}],"about":[{"href":"https:\/\/www.paroisse-aucamville-st-loup-cammas.fr\/site\/wp-json\/wp\/v2\/types\/post"}],"author":[{"embeddable":true,"href":"https:\/\/www.paroisse-aucamville-st-loup-cammas.fr\/site\/wp-json\/wp\/v2\/users\/17"}],"replies":[{"embeddable":true,"href":"https:\/\/www.paroisse-aucamville-st-loup-cammas.fr\/site\/wp-json\/wp\/v2\/comments?post=18800"}],"version-history":[{"count":1,"href":"https:\/\/www.paroisse-aucamville-st-loup-cammas.fr\/site\/wp-json\/wp\/v2\/posts\/18800\/revisions"}],"predecessor-version":[{"id":18801,"href":"https:\/\/www.paroisse-aucamville-st-loup-cammas.fr\/site\/wp-json\/wp\/v2\/posts\/18800\/revisions\/18801"}],"wp:attachment":[{"href":"https:\/\/www.paroisse-aucamville-st-loup-cammas.fr\/site\/wp-json\/wp\/v2\/media?parent=18800"}],"wp:term":[{"taxonomy":"category","embeddable":true,"href":"https:\/\/www.paroisse-aucamville-st-loup-cammas.fr\/site\/wp-json\/wp\/v2\/categories?post=18800"},{"taxonomy":"post_tag","embeddable":true,"href":"https:\/\/www.paroisse-aucamville-st-loup-cammas.fr\/site\/wp-json\/wp\/v2\/tags?post=18800"}],"curies":[{"name":"wp","href":"https:\/\/api.w.org\/{rel}","templated":true}]}}