{"id":19414,"date":"2023-08-28T14:58:37","date_gmt":"2023-08-28T13:58:37","guid":{"rendered":"https:\/\/www.paroisse-aucamville-st-loup-cammas.fr\/site\/?p=19414"},"modified":"2023-08-28T14:58:37","modified_gmt":"2023-08-28T13:58:37","slug":"homelie-de-guy-diacre-21eme-dimanche-to-a-28-08-23-jesus-leur-demanda-et-vous-que-dites-vous-pour-vous-qui-suis-je","status":"publish","type":"post","link":"https:\/\/www.paroisse-aucamville-st-loup-cammas.fr\/site\/homelie-de-guy-diacre-21eme-dimanche-to-a-28-08-23-jesus-leur-demanda-et-vous-que-dites-vous-pour-vous-qui-suis-je\/","title":{"rendered":"Hom\u00e9lie de Guy, diacre &#8211; 21\u00e8me dimanche TO A (28\/08\/23) \u00ab\u00a0J\u00e9sus leur demanda\u00a0: \u00ab\u00a0Et vous, que dites-vous\u00a0? Pour vous, qui suis-je\u00a0?\u00a0\u00ab\u00a0"},"content":{"rendered":"<p><span style=\"font-family: Times New Roman, serif;\"><span style=\"font-size: medium;\">Cette question de J\u00e9sus \u00e0 chacun de ses disciples, elle nous interpelle tous. Pour chacun(e) d\u2019entre-nous, J\u00e9sus nous la pose, en nous regardant chacun (e) avec amour. Cette question fut pos\u00e9e au nom du Christ par le pape Jean-Paul II aux millions de jeunes pour la XV\u00e8me Journ\u00e9e Mondiale de la Jeunesse \u00e0 la veill\u00e9e de pri\u00e8re avec les jeunes le samedi 19 ao\u00fbt 2000 \u00e0 Tor Vergata (Rome).<\/span><\/span><\/p>\n<p><span style=\"font-family: Times New Roman, serif;\"><span style=\"font-size: medium;\">J\u00e9sus attend de nous que nous exprimions notre conviction intime. Et ce que nous r\u00e9pondrons au Christ ne sera pas seulement un jugement mais rendra compte de la maturit\u00e9 de notre foi. Cette foi que J\u00e9sus veut v\u00e9rifier chez ces disciples et chez nous aussi.<\/span><\/span><\/p>\n<p><span style=\"font-family: Times New Roman, serif;\"><span style=\"font-size: medium;\">Je voudrais vous partager quelques passages du discours admirable de Jean Paul II aux jeunes, <b>je vous invite \u00e0 le lire enti\u00e8rement pour raviver votre foi.<\/b><\/span><\/span><\/p>\n<p><span style=\"font-family: Times New Roman, serif;\"><span style=\"font-size: medium;\"><i>\u00ab\u00a0Cet \u00e9v\u00e9nement, pr\u00e8s de C\u00e9sar\u00e9e de Philippe, nous introduit en un certain sens dans \u00ab<\/i><i><b> le laboratoire de la foi.\u00a0\u00bb<\/b><\/i><i> Le myst\u00e8re de la naissance et de la maturation de la foi s\u2019y r\u00e9v\u00e8le. Il y a d\u2019abord la gr\u00e2ce de la r\u00e9v\u00e9lation : Dieu qui se donne \u00e0 l\u2019homme d\u2019une fa\u00e7on intime, inexprimable. Il y a ensuite la demande d\u2019une r\u00e9ponse \u00e0 donner. Enfin, il y a la r\u00e9ponse de l\u2019homme, r\u00e9ponse qui devra d\u00e9sormais donner sens et forme \u00e0 toute sa vie.<\/i><\/span><\/span><\/p>\n<p><span style=\"font-family: Times New Roman, serif;\"><span style=\"font-size: medium;\"><i>Voil\u00e0 ce qu\u2019est la foi ! C\u2019est la r\u00e9ponse de l\u2019homme raisonnable et libre \u00e0 la parole du Dieu vivant. Les questions que pose le Christ, les r\u00e9ponses qui sont donn\u00e9es par les Ap\u00f4tres, et \u00e0 la fin par Simon Pierre, constituent comme une v\u00e9rification de la maturit\u00e9 de la foi de ceux qui sont les plus proches du Christ.\u00a0\u00bb<\/i><\/span><\/span><\/p>\n<p><span style=\"font-family: Times New Roman, serif;\"><span style=\"font-size: medium;\">Puis Jean-Paul II rappelle un autre \u00e9v\u00e9nement ou le Christ ressuscit\u00e9 v\u00e9rifia encore la maturit\u00e9 de la foi de ses ap\u00f4tres et ce fut au C\u00e9nacle avec la rencontre avec l\u2019ap\u00f4tre Thomas.<\/span><\/span><\/p>\n<p><span style=\"font-family: Times New Roman, serif;\"><span style=\"font-size: medium;\"><i>\u00ab\u00a0Dans ce qui est arriv\u00e9 \u00e0 Thomas, le \u00ab<\/i><i><b> laboratoire de la foi<\/b><\/i><i> \u00bb s\u2019est enrichi d\u2019un nouvel \u00e9l\u00e9ment. La R\u00e9v\u00e9lation divine, la question du Christ et la r\u00e9ponse de l\u2019homme ont eu leur ach\u00e8vement dans la rencontre personnelle du disciple avec le Christ vivant, avec le Ressuscit\u00e9. Cette rencontre est devenue le d\u00e9but d\u2019une nouvelle relation entre l\u2019homme et le Christ, une relation o\u00f9 l\u2019homme reconna\u00eet existentielle ment que le Christ est Seigneur et Dieu ; non seulement Seigneur et Dieu du monde et de l\u2019humanit\u00e9, mais Seigneur et Dieu de mon existence humaine concr\u00e8te. Un jour, saint Paul \u00e9crira : \u00ab La Parole est pr\u00e8s de toi, elle est dans ta bouche et dans ton c\u0153ur. Cette Parole, c\u2019est le message de la foi que nous proclamons. Donc, si tu affirmes de ta bouche que J\u00e9sus est Seigneur, si tu crois<\/i> <i>dans ton c\u0153ur que Dieu l\u2019a ressuscit\u00e9 d\u2019entre les morts, alors tu seras sauv\u00e9 \u00bb (Rm 10, 8-9).3\u00a0\u00bb<\/i><\/span><\/span><\/p>\n<p><span style=\"font-family: Times New Roman, serif;\"><span style=\"font-size: medium;\">Oui, croire en J\u00e9sus, exige de prendre position pour lui, c\u2019est tr\u00e8s souvent aller \u00e0 contre-courant et c\u2019est souvent h\u00e9ro\u00efque. Mais avec l\u2019aide de la gr\u00e2ce (force) re\u00e7ue dans les sacrements c\u2019est possible comme le rappelle Jean-Paul II aux jeunes.<\/span><\/span><\/p>\n<p><span style=\"font-family: Times New Roman, serif;\"><span style=\"font-size: medium;\"><i>\u00ab\u00a0Chers amis, aujourd\u2019hui encore, croire en J\u00e9sus, suivre J\u00e9sus sur les pas de Pierre, de Thomas, des premiers Ap\u00f4tres et t\u00e9moins, exige de prendre position pour lui, et il n\u2019est pas rare que ce soit comme un nouveau martyre : le martyre de celui qui, aujourd\u2019hui comme hier, est appel\u00e9 \u00e0 aller \u00e0 contre-courant pour suivre le divin Ma\u00eetre, pour suivre \u00ab l\u2019Agneau partout o\u00f9 il va \u00bb (Ap 14, 4). Ce n\u2019est pas par hasard, chers jeunes, que j\u2019ai voulu que pendant l\u2019Ann\u00e9e sainte on fasse m\u00e9moire, pr\u00e8s du Colis\u00e9e, des t\u00e9moins de la foi du XXe si\u00e8cle. <\/i><\/span><\/span><\/p>\n<p><span style=\"font-family: Times New Roman, serif;\"><span style=\"font-size: medium;\"><i>Il ne vous sera peut-\u00eatre pas demand\u00e9 de verser votre sang, mais de garder la fid\u00e9lit\u00e9 au Christ, oui certainement ! Une fid\u00e9lit\u00e9 \u00e0 vivre dans les situations quotidiennes : je pense aux fianc\u00e9s et \u00e0 leur difficult\u00e9 de vivre dans la puret\u00e9, au sein du monde actuel, en attendant de se marier. Je pense aux jeunes couples et aux \u00e9preuves auxquelles est expos\u00e9 leur engagement de fid\u00e9lit\u00e9 r\u00e9ciproque. Je pense aux relations entre amis et \u00e0 la tentation de manquer de loyaut\u00e9 qui peut s\u2019insinuer entre eux. <\/i><\/span><\/span><\/p>\n<p><span style=\"font-family: Times New Roman, serif;\"><span style=\"font-size: medium;\"><i>Je pense aussi \u00e0 ceux qui ont entrepris un chemin de cons\u00e9cration particuli\u00e8re et aux efforts qu\u2019ils doivent souvent affronter pour pers\u00e9v\u00e9rer dans le don de soi \u00e0 Dieu et \u00e0 leurs fr\u00e8res. Je pense encore \u00e0 ceux qui veulent vivre des rapports de solidarit\u00e9 et d\u2019amour dans un monde o\u00f9 il ne semble y avoir d\u2019autres valeurs que la logique du profit et de l\u2019int\u00e9r\u00eat personnel ou de groupe. <\/i><\/span><\/span><\/p>\n<p><span style=\"font-family: Times New Roman, serif;\"><span style=\"font-size: medium;\"><i>Je pense encore \u00e0 ceux qui \u0153uvrent pour la paix et qui voient na\u00eetre et se d\u00e9velopper, dans diff\u00e9rentes parties du monde, de nouveaux foyers de guerre ; je pense \u00e0 ceux qui \u0153uvrent pour la libert\u00e9 de l\u2019homme et qui le voient encore esclave de lui-m\u00eame et des autres ; je pense \u00e0 ceux qui luttent pour faire aimer et respecter la vie humaine et qui doivent assister aux nombreuses atteintes port\u00e9es contre elle et contre le respect qu\u2019on lui doit. <\/i><\/span><\/span><\/p>\n<p><span style=\"font-family: Times New Roman, serif;\"><span style=\"font-size: medium;\"><i>Chers jeunes, dans un tel monde, est-il difficile de croire ? En l\u2019an 2000, est-il difficile de croire ? Oui, c\u2019est difficile ! On ne peut pas le nier. C\u2019est difficile, mais avec l\u2019aide de la gr\u00e2ce c\u2019est possible, comme J\u00e9sus l\u2019expliqua \u00e0 Pierre : \u00ab Ce n\u2019est pas la chair et le sang qui t\u2019ont r\u00e9v\u00e9l\u00e9 cela, mais mon P\u00e8re qui est aux cieux\u00bb (Mt 16, 17). <\/i><\/span><\/span><\/p>\n<p><span style=\"font-family: Times New Roman, serif;\"><span style=\"font-size: medium;\">Que la profession de Foi de l\u2019ap\u00f4tre Pierre vous r\u00e9conforte \u00e0 l\u2019or\u00e9e de la reprise de notre vie paroissiale, de la vie scolaire de nos enfants ou petits-enfants, de la vie professionnelle et associative qui reprend aussi pour beaucoup de personnes. C\u2019est le Christ avec le concours de notre bonne volont\u00e9 qui b\u00e2tit son \u00e9glise. \u00ab\u00a0Tu es Pierre, et sur cette pierre <b>je<\/b> b\u00e2tirai mon \u00c9glise\u00a0\u00bb Prions pour le pape Fran\u00e7ois qui part ces jours-ci en Mongolie r\u00e9pandre la Bonne Nouvelle du Christ.<\/span><\/span><\/p>\n<p><span style=\"font-family: Times New Roman, serif;\"><span style=\"font-size: medium;\"><b>www.vatican.va\/content\/john-paul-ii\/fr\/speeches\/2000\/jul-sep\/documents\/hf_jp-ii_spe_20000819_gmg-veglia.html<\/b><\/span><\/span><\/p>\n","protected":false},"excerpt":{"rendered":"<p>Cette question de J\u00e9sus \u00e0 chacun de ses disciples, elle [&hellip;]<\/p>\n","protected":false},"author":17,"featured_media":0,"comment_status":"closed","ping_status":"closed","sticky":false,"template":"","format":"standard","meta":[],"categories":[1],"tags":[],"jetpack_featured_media_url":"","_links":{"self":[{"href":"https:\/\/www.paroisse-aucamville-st-loup-cammas.fr\/site\/wp-json\/wp\/v2\/posts\/19414"}],"collection":[{"href":"https:\/\/www.paroisse-aucamville-st-loup-cammas.fr\/site\/wp-json\/wp\/v2\/posts"}],"about":[{"href":"https:\/\/www.paroisse-aucamville-st-loup-cammas.fr\/site\/wp-json\/wp\/v2\/types\/post"}],"author":[{"embeddable":true,"href":"https:\/\/www.paroisse-aucamville-st-loup-cammas.fr\/site\/wp-json\/wp\/v2\/users\/17"}],"replies":[{"embeddable":true,"href":"https:\/\/www.paroisse-aucamville-st-loup-cammas.fr\/site\/wp-json\/wp\/v2\/comments?post=19414"}],"version-history":[{"count":1,"href":"https:\/\/www.paroisse-aucamville-st-loup-cammas.fr\/site\/wp-json\/wp\/v2\/posts\/19414\/revisions"}],"predecessor-version":[{"id":19415,"href":"https:\/\/www.paroisse-aucamville-st-loup-cammas.fr\/site\/wp-json\/wp\/v2\/posts\/19414\/revisions\/19415"}],"wp:attachment":[{"href":"https:\/\/www.paroisse-aucamville-st-loup-cammas.fr\/site\/wp-json\/wp\/v2\/media?parent=19414"}],"wp:term":[{"taxonomy":"category","embeddable":true,"href":"https:\/\/www.paroisse-aucamville-st-loup-cammas.fr\/site\/wp-json\/wp\/v2\/categories?post=19414"},{"taxonomy":"post_tag","embeddable":true,"href":"https:\/\/www.paroisse-aucamville-st-loup-cammas.fr\/site\/wp-json\/wp\/v2\/tags?post=19414"}],"curies":[{"name":"wp","href":"https:\/\/api.w.org\/{rel}","templated":true}]}}