{"id":19482,"date":"2023-10-15T20:07:38","date_gmt":"2023-10-15T19:07:38","guid":{"rendered":"http:\/\/www.paroisse-aucamville-st-loup-cammas.fr\/site\/?p=19482"},"modified":"2023-10-15T20:07:38","modified_gmt":"2023-10-15T19:07:38","slug":"marie-madeleine-de-retour-a-lalande","status":"publish","type":"post","link":"https:\/\/www.paroisse-aucamville-st-loup-cammas.fr\/site\/marie-madeleine-de-retour-a-lalande\/","title":{"rendered":"Marie-Madeleine de retour \u00e0 Lalande."},"content":{"rendered":"<p align=\"JUSTIFY\">La cloche f\u00eal\u00e9e, Marie-Madeleine, a retrouv\u00e9 son \u00e9glise pour la plus grande joie des paroissiens.<\/p>\n<p align=\"JUSTIFY\">Descendue de son clocher car f\u00eal\u00e9e, elle n&rsquo;a pas pu \u00eatre fondue, elle est d\u00e9sormais expos\u00e9e au fond de l&rsquo;\u00e9glise de Lalande. La nouvelle cloche qui sera baptis\u00e9e Flore arrivera autour de P\u00e2ques 2024.<\/p>\n<p align=\"JUSTIFY\">Une belle journ\u00e9e au rythme de son p\u00e9riple fluvial, de son entr\u00e9e et installation dans l&rsquo;\u00e9glise. Marie-Madeleine accueillie par des applaudissements, des paroles officielles et un Ave Maria est maintenant chez elle.<\/p>\n<p align=\"JUSTIFY\">Et comme les \u00e9motions, \u00e7a creuse, tout cela s&rsquo;est fini par un bon repas tous ensemble dans la salle Cass\u00e9. L&rsquo;apr\u00e8s-midi s&rsquo;est cl\u00f4tur\u00e9 par la plantation, dans le jardin du presbyt\u00e8re, d&rsquo;un figuier et d&rsquo;un prunier, offerts par une paroissienne pour comm\u00e9morer ce retour.<\/p>\n<p>&nbsp;<\/p>\n","protected":false},"excerpt":{"rendered":"<p>La cloche f\u00eal\u00e9e, Marie-Madeleine, a retrouv\u00e9 son \u00e9glise pour la [&hellip;]<\/p>\n","protected":false},"author":17,"featured_media":19483,"comment_status":"closed","ping_status":"closed","sticky":false,"template":"","format":"standard","meta":[],"categories":[77,94,69],"tags":[],"jetpack_featured_media_url":"https:\/\/www.paroisse-aucamville-st-loup-cammas.fr\/site\/wp-content\/uploads\/IMG-20231015-WA0001.jpg","_links":{"self":[{"href":"https:\/\/www.paroisse-aucamville-st-loup-cammas.fr\/site\/wp-json\/wp\/v2\/posts\/19482"}],"collection":[{"href":"https:\/\/www.paroisse-aucamville-st-loup-cammas.fr\/site\/wp-json\/wp\/v2\/posts"}],"about":[{"href":"https:\/\/www.paroisse-aucamville-st-loup-cammas.fr\/site\/wp-json\/wp\/v2\/types\/post"}],"author":[{"embeddable":true,"href":"https:\/\/www.paroisse-aucamville-st-loup-cammas.fr\/site\/wp-json\/wp\/v2\/users\/17"}],"replies":[{"embeddable":true,"href":"https:\/\/www.paroisse-aucamville-st-loup-cammas.fr\/site\/wp-json\/wp\/v2\/comments?post=19482"}],"version-history":[{"count":1,"href":"https:\/\/www.paroisse-aucamville-st-loup-cammas.fr\/site\/wp-json\/wp\/v2\/posts\/19482\/revisions"}],"predecessor-version":[{"id":19488,"href":"https:\/\/www.paroisse-aucamville-st-loup-cammas.fr\/site\/wp-json\/wp\/v2\/posts\/19482\/revisions\/19488"}],"wp:featuredmedia":[{"embeddable":true,"href":"https:\/\/www.paroisse-aucamville-st-loup-cammas.fr\/site\/wp-json\/wp\/v2\/media\/19483"}],"wp:attachment":[{"href":"https:\/\/www.paroisse-aucamville-st-loup-cammas.fr\/site\/wp-json\/wp\/v2\/media?parent=19482"}],"wp:term":[{"taxonomy":"category","embeddable":true,"href":"https:\/\/www.paroisse-aucamville-st-loup-cammas.fr\/site\/wp-json\/wp\/v2\/categories?post=19482"},{"taxonomy":"post_tag","embeddable":true,"href":"https:\/\/www.paroisse-aucamville-st-loup-cammas.fr\/site\/wp-json\/wp\/v2\/tags?post=19482"}],"curies":[{"name":"wp","href":"https:\/\/api.w.org\/{rel}","templated":true}]}}