{"id":19775,"date":"2024-03-04T10:02:27","date_gmt":"2024-03-04T09:02:27","guid":{"rendered":"http:\/\/www.paroisse-aucamville-st-loup-cammas.fr\/site\/?p=19775"},"modified":"2024-03-04T10:02:46","modified_gmt":"2024-03-04T09:02:46","slug":"homelie-de-pere-pascal-3eme-dimanche-de-careme-b-03-03-24-cessez-de-faire-de-la-maison-de-mon-pere-une-maison-de-commerce","status":"publish","type":"post","link":"https:\/\/www.paroisse-aucamville-st-loup-cammas.fr\/site\/homelie-de-pere-pascal-3eme-dimanche-de-careme-b-03-03-24-cessez-de-faire-de-la-maison-de-mon-pere-une-maison-de-commerce\/","title":{"rendered":"Hom\u00e9lie de p\u00e8re Pascal &#8211; 3\u00e8me dimanche de Car\u00eame B (03\/03\/24) &#8211; \u00ab\u00a0Cessez de faire de la maison de mon P\u00e8re une maison de commerce\u00a0\u00bb."},"content":{"rendered":"<!--[if lt IE 9]><script>document.createElement('audio');<\/script><![endif]-->\n<audio class=\"wp-audio-shortcode\" id=\"audio-19775-1\" preload=\"none\" style=\"width: 100%;\" controls=\"controls\"><source type=\"audio\/mpeg\" src=\"http:\/\/www.paroisse-aucamville-st-loup-cammas.fr\/site\/wp-content\/uploads\/3DimCare\u0302me-Castelginest-Fiance\u0301s-Home\u0301lie-Pascal-Fagniez.mp3?_=1\" \/><a href=\"http:\/\/www.paroisse-aucamville-st-loup-cammas.fr\/site\/wp-content\/uploads\/3DimCare\u0302me-Castelginest-Fiance\u0301s-Home\u0301lie-Pascal-Fagniez.mp3\">http:\/\/www.paroisse-aucamville-st-loup-cammas.fr\/site\/wp-content\/uploads\/3DimCare\u0302me-Castelginest-Fiance\u0301s-Home\u0301lie-Pascal-Fagniez.mp3<\/a><\/audio>\n","protected":false},"excerpt":{"rendered":"","protected":false},"author":17,"featured_media":0,"comment_status":"closed","ping_status":"closed","sticky":false,"template":"","format":"standard","meta":[],"categories":[68,1],"tags":[],"jetpack_featured_media_url":"","_links":{"self":[{"href":"https:\/\/www.paroisse-aucamville-st-loup-cammas.fr\/site\/wp-json\/wp\/v2\/posts\/19775"}],"collection":[{"href":"https:\/\/www.paroisse-aucamville-st-loup-cammas.fr\/site\/wp-json\/wp\/v2\/posts"}],"about":[{"href":"https:\/\/www.paroisse-aucamville-st-loup-cammas.fr\/site\/wp-json\/wp\/v2\/types\/post"}],"author":[{"embeddable":true,"href":"https:\/\/www.paroisse-aucamville-st-loup-cammas.fr\/site\/wp-json\/wp\/v2\/users\/17"}],"replies":[{"embeddable":true,"href":"https:\/\/www.paroisse-aucamville-st-loup-cammas.fr\/site\/wp-json\/wp\/v2\/comments?post=19775"}],"version-history":[{"count":1,"href":"https:\/\/www.paroisse-aucamville-st-loup-cammas.fr\/site\/wp-json\/wp\/v2\/posts\/19775\/revisions"}],"predecessor-version":[{"id":19777,"href":"https:\/\/www.paroisse-aucamville-st-loup-cammas.fr\/site\/wp-json\/wp\/v2\/posts\/19775\/revisions\/19777"}],"wp:attachment":[{"href":"https:\/\/www.paroisse-aucamville-st-loup-cammas.fr\/site\/wp-json\/wp\/v2\/media?parent=19775"}],"wp:term":[{"taxonomy":"category","embeddable":true,"href":"https:\/\/www.paroisse-aucamville-st-loup-cammas.fr\/site\/wp-json\/wp\/v2\/categories?post=19775"},{"taxonomy":"post_tag","embeddable":true,"href":"https:\/\/www.paroisse-aucamville-st-loup-cammas.fr\/site\/wp-json\/wp\/v2\/tags?post=19775"}],"curies":[{"name":"wp","href":"https:\/\/api.w.org\/{rel}","templated":true}]}}