{"id":20555,"date":"2025-05-25T14:37:34","date_gmt":"2025-05-25T13:37:34","guid":{"rendered":"http:\/\/www.paroisse-aucamville-st-loup-cammas.fr\/site\/?p=20555"},"modified":"2025-05-25T14:37:34","modified_gmt":"2025-05-25T13:37:34","slug":"la-chorale-en-fete","status":"publish","type":"post","link":"https:\/\/www.paroisse-aucamville-st-loup-cammas.fr\/site\/la-chorale-en-fete\/","title":{"rendered":"La chorale en f\u00eate."},"content":{"rendered":"<p align=\"JUSTIFY\">Fin de r\u00e9p\u00e9tition festive ce mercredi pour entourer Genevi\u00e8ve qui f\u00eatait sa 7\u00e8me dizaine. Les choristes ont particip\u00e9 au financement d&rsquo;un p\u00e8lerinage \u00e0 Rome, en cette ann\u00e9e jubilaire, qui lui tient \u00e0 c\u0153ur.<\/p>\n<p align=\"JUSTIFY\">Comme il se doit \u00e0 la chorale, la soir\u00e9e s&rsquo;est finie autour du verre de l&rsquo;amiti\u00e9 et les g\u00e2teaux qui vont avec.<\/p>\n<p align=\"JUSTIFY\">Qu&rsquo;il est bon, qu&rsquo;il est doux de chanter ensemble\u00a0! Merci Seigneur pour ce ch\u0153ur uni et fid\u00e8le.<\/p>\n","protected":false},"excerpt":{"rendered":"<p>Fin de r\u00e9p\u00e9tition festive ce mercredi pour entourer Genevi\u00e8ve qui [&hellip;]<\/p>\n","protected":false},"author":17,"featured_media":20556,"comment_status":"closed","ping_status":"closed","sticky":false,"template":"","format":"standard","meta":[],"categories":[80,94,69],"tags":[],"jetpack_featured_media_url":"https:\/\/www.paroisse-aucamville-st-loup-cammas.fr\/site\/wp-content\/uploads\/IMG-20250521-WA0004.jpg","_links":{"self":[{"href":"https:\/\/www.paroisse-aucamville-st-loup-cammas.fr\/site\/wp-json\/wp\/v2\/posts\/20555"}],"collection":[{"href":"https:\/\/www.paroisse-aucamville-st-loup-cammas.fr\/site\/wp-json\/wp\/v2\/posts"}],"about":[{"href":"https:\/\/www.paroisse-aucamville-st-loup-cammas.fr\/site\/wp-json\/wp\/v2\/types\/post"}],"author":[{"embeddable":true,"href":"https:\/\/www.paroisse-aucamville-st-loup-cammas.fr\/site\/wp-json\/wp\/v2\/users\/17"}],"replies":[{"embeddable":true,"href":"https:\/\/www.paroisse-aucamville-st-loup-cammas.fr\/site\/wp-json\/wp\/v2\/comments?post=20555"}],"version-history":[{"count":2,"href":"https:\/\/www.paroisse-aucamville-st-loup-cammas.fr\/site\/wp-json\/wp\/v2\/posts\/20555\/revisions"}],"predecessor-version":[{"id":20561,"href":"https:\/\/www.paroisse-aucamville-st-loup-cammas.fr\/site\/wp-json\/wp\/v2\/posts\/20555\/revisions\/20561"}],"wp:featuredmedia":[{"embeddable":true,"href":"https:\/\/www.paroisse-aucamville-st-loup-cammas.fr\/site\/wp-json\/wp\/v2\/media\/20556"}],"wp:attachment":[{"href":"https:\/\/www.paroisse-aucamville-st-loup-cammas.fr\/site\/wp-json\/wp\/v2\/media?parent=20555"}],"wp:term":[{"taxonomy":"category","embeddable":true,"href":"https:\/\/www.paroisse-aucamville-st-loup-cammas.fr\/site\/wp-json\/wp\/v2\/categories?post=20555"},{"taxonomy":"post_tag","embeddable":true,"href":"https:\/\/www.paroisse-aucamville-st-loup-cammas.fr\/site\/wp-json\/wp\/v2\/tags?post=20555"}],"curies":[{"name":"wp","href":"https:\/\/api.w.org\/{rel}","templated":true}]}}