{"id":20587,"date":"2025-06-01T10:05:03","date_gmt":"2025-06-01T09:05:03","guid":{"rendered":"http:\/\/www.paroisse-aucamville-st-loup-cammas.fr\/site\/?p=20587"},"modified":"2025-06-01T10:05:03","modified_gmt":"2025-06-01T09:05:03","slug":"comment-rendrai-je-au-seigneur-tout-le-bien-quil-ma-fait-jeleverai-la-coupe-du-salut-jinvoquerai-le-nom-du-seigneur-ps-115-12-13","status":"publish","type":"post","link":"https:\/\/www.paroisse-aucamville-st-loup-cammas.fr\/site\/comment-rendrai-je-au-seigneur-tout-le-bien-quil-ma-fait-jeleverai-la-coupe-du-salut-jinvoquerai-le-nom-du-seigneur-ps-115-12-13\/","title":{"rendered":"Comment rendrai-je au Seigneur, tout le bien qu&rsquo;il m&rsquo;a fait\u00a0? J&rsquo;\u00e9l\u00e8verai la coupe du Salut, j&rsquo;invoquerai le nom du Seigneur (PS 115, 12-13)"},"content":{"rendered":"<p align=\"JUSTIFY\"><span style=\"font-family: Times New Roman, serif;\"><span style=\"font-size: medium;\">Il y a de cela 20 ans d\u00e9j\u00e0 que j\u2019\u00e9crivais ce psaume sur l\u2019effigie de mon ordination sacerdotale. Occasion pour moi aujourd\u2019hui de rendre gr\u00e2ce au Seigneur avec vous, mes fr\u00e8res et s\u0153urs paroissiens, pour le don du sacerdoce dont je jouis par la seule gr\u00e2ce du Seigneur et non par un quelconque m\u00e9rite. Puisse le Seigneur continuer de me remplir de sa sagesse et de sa bont\u00e9.<\/span><\/span><\/p>\n<p align=\"JUSTIFY\"><span style=\"font-family: Times New Roman, serif;\"><span style=\"font-size: medium;\">Il y a 6 ans, quand j\u2019arrivais dans notre secteur paroissial, il m\u2019avait \u00e9t\u00e9 demand\u00e9 de faire un portrait de ma personne sur le site paroissial, chose que je n\u2019ai jamais faite\u00a0! Cette occasion est une aubaine pour moi pour agir. Aussi, c\u2019est avec joie que j\u2019aimerais bien me pr\u00e9senter \u00e0 vous dans ce num\u00e9ro de notre bulletin.<\/span><\/span><\/p>\n<p align=\"JUSTIFY\"><span style=\"font-family: Times New Roman, serif;\"><span style=\"font-size: medium;\">Le sacerdoce est avant tout pour moi un don de notre Seigneur. Dieu m\u2019a appel\u00e9 tr\u00e8s jeune et je n\u2019ai rien fait d\u2019autre que lui r\u00e9pondre favorablement. Je suis issu d\u2019une famille nombreuse de 11 enfants dont moi-m\u00eame le sixi\u00e8me, la charni\u00e8re. Le seul \u00e0 \u00eatre rest\u00e9 catholique aujourd\u2019hui. Je finissais le primaire (CM2) \u00e0 12 ans, lorsque j\u2019ai entendu l\u2019appel de servir du seigneur dans le sacerdoce et cela ne me quitta plus jusqu\u2019\u00e0 ce que je sois devenu pr\u00eatre en France \u00e0 35 ans. En effet, toute ma jeunesse je l\u2019ai pass\u00e9e dans les s\u00e9minaires. Je n\u2019ai pas fait autre chose\u00a0: le petit s\u00e9minaire, la prop\u00e9deutique, trois ann\u00e9es de philosophie, quatre ann\u00e9es de th\u00e9ologie tout cela chez moi au Congo.<\/span><\/span><\/p>\n<p align=\"JUSTIFY\"><span style=\"font-family: Times New Roman, serif;\"><span style=\"font-size: medium;\">Ensuite, je voyagerais en 2002, \u00e0 32 ans, en France o\u00f9 je serai accueilli par ma famille. Au bout de deux mois, je rencontrerai le P\u00e8re Fran\u00e7ois ANDR\u00c9 qui me recommandera au Dioc\u00e8se de Toulouse. Mgr MARCUS (que je ne remercierai jamais assez) m\u2019acceptera et m\u2019ordonnera diacre en 2004 et pr\u00eatre en 2005 pour le Dioc\u00e8se de Toulouse. Cela a fait 20 ans d\u00e9j\u00e0 ! On ne les voit pas passer.<\/span><\/span><\/p>\n<p align=\"JUSTIFY\"><span style=\"font-family: Times New Roman, serif;\"><span style=\"font-size: medium;\">Trois ans vicaire \u00e0 Portet-sur-Garonne, cinq ans cur\u00e9 \u00e0 l\u2019Isle-en-Dodon, six ans cur\u00e9 \u00e0 Ramonville et aum\u00f4nier \u00e0 Rangueil et six ans cur\u00e9 \u00e0 Aucamville-St-Loup-Cammas. Tel est mon parcours que j\u2019ai la joie de vous partager afin de vous permettre de mieux me situer. <\/span><\/span><\/p>\n<p align=\"JUSTIFY\"><span style=\"font-family: Times New Roman, serif;\"><span style=\"font-size: medium;\">Puisse le Seigneur me b\u00e9nir et me montrer sa mis\u00e9ricorde afin que je le serve toute ma vie sur terre. Soyons en f\u00eate et b\u00e9nissons le Seigneur.<\/span><\/span><\/p>\n","protected":false},"excerpt":{"rendered":"<p>Il y a de cela 20 ans d\u00e9j\u00e0 que j\u2019\u00e9crivais [&hellip;]<\/p>\n","protected":false},"author":17,"featured_media":0,"comment_status":"closed","ping_status":"closed","sticky":false,"template":"","format":"standard","meta":[],"categories":[63],"tags":[],"jetpack_featured_media_url":"","_links":{"self":[{"href":"https:\/\/www.paroisse-aucamville-st-loup-cammas.fr\/site\/wp-json\/wp\/v2\/posts\/20587"}],"collection":[{"href":"https:\/\/www.paroisse-aucamville-st-loup-cammas.fr\/site\/wp-json\/wp\/v2\/posts"}],"about":[{"href":"https:\/\/www.paroisse-aucamville-st-loup-cammas.fr\/site\/wp-json\/wp\/v2\/types\/post"}],"author":[{"embeddable":true,"href":"https:\/\/www.paroisse-aucamville-st-loup-cammas.fr\/site\/wp-json\/wp\/v2\/users\/17"}],"replies":[{"embeddable":true,"href":"https:\/\/www.paroisse-aucamville-st-loup-cammas.fr\/site\/wp-json\/wp\/v2\/comments?post=20587"}],"version-history":[{"count":1,"href":"https:\/\/www.paroisse-aucamville-st-loup-cammas.fr\/site\/wp-json\/wp\/v2\/posts\/20587\/revisions"}],"predecessor-version":[{"id":20588,"href":"https:\/\/www.paroisse-aucamville-st-loup-cammas.fr\/site\/wp-json\/wp\/v2\/posts\/20587\/revisions\/20588"}],"wp:attachment":[{"href":"https:\/\/www.paroisse-aucamville-st-loup-cammas.fr\/site\/wp-json\/wp\/v2\/media?parent=20587"}],"wp:term":[{"taxonomy":"category","embeddable":true,"href":"https:\/\/www.paroisse-aucamville-st-loup-cammas.fr\/site\/wp-json\/wp\/v2\/categories?post=20587"},{"taxonomy":"post_tag","embeddable":true,"href":"https:\/\/www.paroisse-aucamville-st-loup-cammas.fr\/site\/wp-json\/wp\/v2\/tags?post=20587"}],"curies":[{"name":"wp","href":"https:\/\/api.w.org\/{rel}","templated":true}]}}