{"id":20799,"date":"2025-10-01T16:37:28","date_gmt":"2025-10-01T15:37:28","guid":{"rendered":"http:\/\/www.paroisse-aucamville-st-loup-cammas.fr\/site\/?p=20799"},"modified":"2025-10-01T16:37:28","modified_gmt":"2025-10-01T15:37:28","slug":"au-quotidien-vivons-ce-que-nous-celebrons","status":"publish","type":"post","link":"https:\/\/www.paroisse-aucamville-st-loup-cammas.fr\/site\/au-quotidien-vivons-ce-que-nous-celebrons\/","title":{"rendered":"Au quotidien, vivons ce que nous c\u00e9l\u00e9brons."},"content":{"rendered":"<p align=\"JUSTIFY\"><span style=\"font-family: Times New Roman, serif;\"><span style=\"font-size: medium;\"><span style=\"color: #00000a;\">Ce th\u00e8me a \u00e9t\u00e9 choisi par l\u2019<\/span><span style=\"color: #00000a;\">\u00c9<\/span><span style=\"color: #00000a;\">quipe d\u2019Animation Pastorale (EAP) comme fil rouge qui nous guidera dans les deux ann\u00e9es \u00e0 venir. Il s\u2019agit de conformer notre quotidien au myst\u00e8re que nous c\u00e9l\u00e9brons, or ce que nous c\u00e9l\u00e9brons principalement, \u00e0 travers la liturgie de la messe, c\u2019est l\u2019amour infini de Dieu. En \u00e9coutant sa Parole performative qui nous transforme de l\u2019int\u00e9rieur. Cette transformation nous mod\u00e8le en nous conformant au Christ. Et ainsi nous devenons \u00e0 notre tour \u00abun autre Christ\u00bb capables de compassion, de mis\u00e9ricorde et d\u2019actes de charit\u00e9. Aussi, le passage de la messe \u00e0 la vie de tous les jours devient-il une vraie lumi\u00e8re qui \u00e9claire nos routes et qui dissipe toutes sortes de dichotomie ou de hiatus entre la c\u00e9l\u00e9bration d\u2019une part et de l\u2019autre part la vie de tous les jours. Cependant, cela reste une gr\u00e2ce \u00e0 demander tous les jours dans notre pri\u00e8re, c\u2019est un vrai combat spirituel qui n\u2019est pas gagn\u00e9 d\u2019embl\u00e9e. Prions les uns pour les autres dans cette optique. Et laissons-nous guider par le Saint-Esprit, avec qui tout est possible. <\/span><\/span><\/span><\/p>\n<p align=\"JUSTIFY\"><span style=\"font-family: Times New Roman, serif;\"><span style=\"font-size: medium;\"><span style=\"color: #00000a;\">C\u2019est aussi dans cette perspective que nous allons accueillir ce mois-ci notre \u00e9v\u00eaque lors de sa visite pastorale dans notre secteur. Nous allons simplement parler avec lui de la mani\u00e8re dont nous menons notre vie chr\u00e9tienne au travers de nos activit\u00e9s et nos services. Je vous invite \u00e0 venir nombreux et \u00e0 \u00e9viter de consid\u00e9rer qu\u2019on ne peut pas venir sous pr\u00e9texte qu\u2019il y aura beaucoup de monde. Le programme de ces deux jours de visite vous est d\u00e9taill\u00e9 dans ce m\u00eame bulletin paroissial. R\u00e9servons un accueil chaleureux \u00e0 notre \u00e9v\u00eaque\u00a0! <\/span><\/span><\/span><\/p>\n<p align=\"JUSTIFY\"><span style=\"font-family: Times New Roman, serif;\"><span style=\"font-size: medium;\"><span style=\"color: #00000a;\">Que la Vierge Marie en ce mois du rosaire interc\u00e8de pour nous en nous faisant rejaillir les gr\u00e2ces n\u00e9cessaires \u00e0 notre vie de chr\u00e9tien. Bon mois de Marie.<\/span><\/span><\/span><\/p>\n","protected":false},"excerpt":{"rendered":"<p>Ce th\u00e8me a \u00e9t\u00e9 choisi par l\u2019\u00c9quipe d\u2019Animation Pastorale (EAP) [&hellip;]<\/p>\n","protected":false},"author":17,"featured_media":0,"comment_status":"closed","ping_status":"closed","sticky":false,"template":"","format":"standard","meta":[],"categories":[63],"tags":[],"jetpack_featured_media_url":"","_links":{"self":[{"href":"https:\/\/www.paroisse-aucamville-st-loup-cammas.fr\/site\/wp-json\/wp\/v2\/posts\/20799"}],"collection":[{"href":"https:\/\/www.paroisse-aucamville-st-loup-cammas.fr\/site\/wp-json\/wp\/v2\/posts"}],"about":[{"href":"https:\/\/www.paroisse-aucamville-st-loup-cammas.fr\/site\/wp-json\/wp\/v2\/types\/post"}],"author":[{"embeddable":true,"href":"https:\/\/www.paroisse-aucamville-st-loup-cammas.fr\/site\/wp-json\/wp\/v2\/users\/17"}],"replies":[{"embeddable":true,"href":"https:\/\/www.paroisse-aucamville-st-loup-cammas.fr\/site\/wp-json\/wp\/v2\/comments?post=20799"}],"version-history":[{"count":1,"href":"https:\/\/www.paroisse-aucamville-st-loup-cammas.fr\/site\/wp-json\/wp\/v2\/posts\/20799\/revisions"}],"predecessor-version":[{"id":20800,"href":"https:\/\/www.paroisse-aucamville-st-loup-cammas.fr\/site\/wp-json\/wp\/v2\/posts\/20799\/revisions\/20800"}],"wp:attachment":[{"href":"https:\/\/www.paroisse-aucamville-st-loup-cammas.fr\/site\/wp-json\/wp\/v2\/media?parent=20799"}],"wp:term":[{"taxonomy":"category","embeddable":true,"href":"https:\/\/www.paroisse-aucamville-st-loup-cammas.fr\/site\/wp-json\/wp\/v2\/categories?post=20799"},{"taxonomy":"post_tag","embeddable":true,"href":"https:\/\/www.paroisse-aucamville-st-loup-cammas.fr\/site\/wp-json\/wp\/v2\/tags?post=20799"}],"curies":[{"name":"wp","href":"https:\/\/api.w.org\/{rel}","templated":true}]}}