{"id":20945,"date":"2026-01-05T16:01:17","date_gmt":"2026-01-05T15:01:17","guid":{"rendered":"http:\/\/www.paroisse-aucamville-st-loup-cammas.fr\/site\/?p=20945"},"modified":"2026-01-05T16:03:14","modified_gmt":"2026-01-05T15:03:14","slug":"20945-2","status":"publish","type":"post","link":"https:\/\/www.paroisse-aucamville-st-loup-cammas.fr\/site\/20945-2\/","title":{"rendered":""},"content":{"rendered":"<p align=\"JUSTIFY\"><span style=\"color: #00000a;\"><span style=\"font-family: Times New Roman, serif;\"><span style=\"font-size: medium;\">A la messe du 1<sup>er<\/sup> Janvier, nous avons entendu cette b\u00e9n\u00e9diction que Dieu demande aux pr\u00eatres de donner aux fils d\u2019Isra\u00ebl : \u00ab\u00a0<i>Que le Seigneur te b\u00e9nisse et te garde ! Que le Seigneur fasse briller sur toi son visage, qu\u2019il te prenne en gr\u00e2ce ! Que le Seigneur tourne vers toi son visage, qu\u2019il t\u2019apporte la paix<\/i>\u00a0!\u00bb<\/span><\/span><\/span><\/p>\n<p align=\"JUSTIFY\"><span style=\"color: #00000a;\"><span style=\"font-family: Times New Roman, serif;\"><span style=\"font-size: medium;\">Quelle meilleure mani\u00e8re pour commencer l\u2019ann\u00e9e nouvelle que d\u2019accueillir cette b\u00e9n\u00e9diction ?<\/span><\/span><\/span><\/p>\n<p align=\"JUSTIFY\"><span style=\"color: #00000a;\"><span style=\"font-family: Times New Roman, serif;\"><span style=\"font-size: medium;\">Si je regarde mon visage dans la glace, si j\u2019examine le fond de mon c\u0153ur, j\u2019ai de quoi m\u2019inqui\u00e9ter : tant d\u2019incertitudes et de de souffrances, tant de mensonges et de p\u00e9ch\u00e9s\u2026<\/span><\/span><\/span><\/p>\n<p align=\"JUSTIFY\"><span style=\"color: #00000a;\"><span style=\"font-family: Times New Roman, serif;\"><span style=\"font-size: medium;\">Mais si je laisse le Seigneur faire \u00ab\u00a0briller son visage\u00a0\u00bb sur moi, j\u2019y verrai la Bont\u00e9 et la V\u00e9rit\u00e9, la Justice et la Paix. Je me r\u00e9chaufferai \u00e0 la douce chaleur de son Amour, je me dorerais au Soleil de sa Mis\u00e9ricorde. Le \u00ab\u00a0Soleil de Justice apportera la gu\u00e9rison dans ses rayons\u00a0\u00bb nous promet le dernier livre de l\u2019Ancien Testament, livre de Malachie.\u00a0<\/span><\/span><\/span><\/p>\n<p align=\"JUSTIFY\"><span style=\"color: #00000a;\"><span style=\"font-family: Times New Roman, serif;\"><span style=\"font-size: medium;\">Marie et Joseph furent les premiers \u00e0 voir le visage de l\u2019enfant J\u00e9sus dans la nuit de Bethl\u00e9em. Ils ont vu l\u2019innocence de Dieu et la soif que Dieu a d\u2019\u00eatre ch\u00e9ri, aim\u00e9 par nous. L\u2019un et l\u2019autre sont les mieux plac\u00e9s pour nous aider \u00e0 accueillir la pr\u00e9sence du Christ dans notre vie. Pr\u00e9sence parfois silencieuse. Pr\u00e9sence du faible qui appelle nos soins, pr\u00e9sence du Sage qui nous enseigne et nous guide vers des choix justes et des actions constructives.<\/span><\/span><\/span><\/p>\n<p align=\"JUSTIFY\"><span style=\"color: #00000a;\"><span style=\"font-family: Times New Roman, serif;\"><span style=\"font-size: medium;\">Je ne vais donc pas trop me regarder dans la glace en ce d\u00e9but d\u2019ann\u00e9e. Je vais fermer les yeux et laisser le visage du Seigneur se tourner vers moi pour qu\u2019il se refl\u00e8te dans le mien.<\/span><\/span><\/span><\/p>\n<p align=\"JUSTIFY\"><span style=\"color: #00000a;\"><span style=\"font-family: Times New Roman, serif;\"><span style=\"font-size: medium;\">Il viendra gu\u00e9rir et r\u00e9chauffer mon c\u0153ur. J\u00e9sus dit \u00ab\u00a0<i>ce que dit la bouche, c\u2019est ce qui d\u00e9borde du c\u0153ur<\/i>\u00a0\u00bb Alors dans les v\u0153ux que nous \u00e9changeons, pourquoi n\u2019ajouterions-nous pas ceux qui dans la Bible d\u00e9bordent du C\u0153ur de Dieu et qu\u2019on peut r\u00e9sumer ainsi : \u00ab\u00a0Je vous souhaite la sant\u00e9\u2026 et la saintet\u00e9 !\u00a0\u00bb<\/span><\/span><\/span><\/p>\n<p align=\"JUSTIFY\"><span style=\"color: #00000a;\"><span style=\"font-family: Times New Roman, serif;\"><span style=\"font-size: medium;\">P\u00e8re Pascal FAGNIEZ, Vicaire<\/span><\/span><\/span><\/p>\n","protected":false},"excerpt":{"rendered":"<p>A la messe du 1er Janvier, nous avons entendu cette [&hellip;]<\/p>\n","protected":false},"author":17,"featured_media":0,"comment_status":"closed","ping_status":"closed","sticky":false,"template":"","format":"standard","meta":[],"categories":[63],"tags":[],"jetpack_featured_media_url":"","_links":{"self":[{"href":"https:\/\/www.paroisse-aucamville-st-loup-cammas.fr\/site\/wp-json\/wp\/v2\/posts\/20945"}],"collection":[{"href":"https:\/\/www.paroisse-aucamville-st-loup-cammas.fr\/site\/wp-json\/wp\/v2\/posts"}],"about":[{"href":"https:\/\/www.paroisse-aucamville-st-loup-cammas.fr\/site\/wp-json\/wp\/v2\/types\/post"}],"author":[{"embeddable":true,"href":"https:\/\/www.paroisse-aucamville-st-loup-cammas.fr\/site\/wp-json\/wp\/v2\/users\/17"}],"replies":[{"embeddable":true,"href":"https:\/\/www.paroisse-aucamville-st-loup-cammas.fr\/site\/wp-json\/wp\/v2\/comments?post=20945"}],"version-history":[{"count":1,"href":"https:\/\/www.paroisse-aucamville-st-loup-cammas.fr\/site\/wp-json\/wp\/v2\/posts\/20945\/revisions"}],"predecessor-version":[{"id":20946,"href":"https:\/\/www.paroisse-aucamville-st-loup-cammas.fr\/site\/wp-json\/wp\/v2\/posts\/20945\/revisions\/20946"}],"wp:attachment":[{"href":"https:\/\/www.paroisse-aucamville-st-loup-cammas.fr\/site\/wp-json\/wp\/v2\/media?parent=20945"}],"wp:term":[{"taxonomy":"category","embeddable":true,"href":"https:\/\/www.paroisse-aucamville-st-loup-cammas.fr\/site\/wp-json\/wp\/v2\/categories?post=20945"},{"taxonomy":"post_tag","embeddable":true,"href":"https:\/\/www.paroisse-aucamville-st-loup-cammas.fr\/site\/wp-json\/wp\/v2\/tags?post=20945"}],"curies":[{"name":"wp","href":"https:\/\/api.w.org\/{rel}","templated":true}]}}