{"id":21072,"date":"2026-05-01T08:14:59","date_gmt":"2026-05-01T07:14:59","guid":{"rendered":"http:\/\/www.paroisse-aucamville-st-loup-cammas.fr\/site\/?p=21072"},"modified":"2026-05-01T08:14:59","modified_gmt":"2026-05-01T07:14:59","slug":"avec-marie-entrons-dans-le-combat-de-dieu","status":"publish","type":"post","link":"https:\/\/www.paroisse-aucamville-st-loup-cammas.fr\/site\/avec-marie-entrons-dans-le-combat-de-dieu\/","title":{"rendered":"Avec Marie entrons dans le combat de Dieu."},"content":{"rendered":"<p align=\"JUSTIFY\"><span style=\"font-family: Times New Roman, serif;\"><span style=\"font-size: medium;\">Le mois de mai est d\u00e9di\u00e9 \u00e0 la vierge Marie dans la tradition de l\u2019\u00c9glise. Alors par Marie et avec notre chapelet en main entrons dans le combat de Dieu qui nous m\u00e8ne \u00e0 la gloire de la r\u00e9surrection. Prions en particulier le chapelet pour tous nos malades dans la paroisse, que la vierge notre m\u00e8re interc\u00e8de pour eux et leur obtienne gu\u00e9rison. Et nous prierons enfin pour tous les couples qui se marient dans le courant de ce mois. Leurs noms sont marqu\u00e9s dans ce m\u00eame bulletin.<\/span><\/span><\/p>\n<p align=\"JUSTIFY\"><span style=\"font-family: Times New Roman, serif;\"><span style=\"font-size: medium;\">Ce mois est aussi riche en c\u00e9l\u00e9brations diverses, restons tr\u00e8s attentifs\u00a0: hormis le 1<sup>er<\/sup> et le 8 mai qui sont des f\u00eates la\u00efques mais auxquelles nous sommes convi\u00e9s, nous avons le p\u00e8lerinage \u00e0 Lourdes le 9 mai avec tous les enfants du KT ainsi que les jeunes de l\u2019aum\u00f4nerie. Les pr\u00eatres et diacres de notre paroisse les accompagneront toute la journ\u00e9e. Raison pour laquelle ce samedi-l\u00e0 il n\u2019y aura pas de messe le soir dans notre secteur paroissial.<\/span><\/span><\/p>\n<p align=\"JUSTIFY\"><span style=\"font-family: Times New Roman, serif;\"><span style=\"font-size: medium;\">Une autre grande f\u00eate du mois de mai est l\u2019Ascension de notre Seigneur le 14mai, son retour dans la gloire du P\u00e8re o\u00f9 d\u00e9sormais Il vit \u00e0 sa droite. Il n\u2019y aura que deux messes \u00e0 11h\u00a0: Labastide et Castelginest, pas de messe le soir \u00e0 Aucamville. Viendra enfin la f\u00eate de Pentec\u00f4te le 24 avec la profession de foi de nos ados. Nous rentrerons ainsi dans le temps liturgique ordinaire.<\/span><\/span><\/p>\n<p align=\"JUSTIFY\"><span style=\"font-family: Times New Roman, serif;\"><span style=\"font-size: medium;\">Pour conclure le mois de mai, nous allons vivre le 31 un \u00ab\u00a0dimanche autrement\u00a0\u00bb dans notre paroisse. Ce sera une premi\u00e8re depuis que je suis cur\u00e9. Le th\u00e8me tournera autour de \u00ab ma vie de paroissien\u00a0\u00bb. D\u00e8s le premier dimanche et ensuite les suivants nous vous expliquerons comment va se d\u00e9rouler ce dimanche autrement. Mais d\u00e8s \u00e0 pr\u00e9sent vous pouvez retenir la date du 31. <\/span><\/span><\/p>\n<p align=\"JUSTIFY\"><span style=\"font-family: Times New Roman, serif;\"><span style=\"font-size: medium;\">Je vous souhaite un mois de mai riche et fructueux <\/span><\/span><\/p>\n","protected":false},"excerpt":{"rendered":"<p>Le mois de mai est d\u00e9di\u00e9 \u00e0 la vierge Marie [&hellip;]<\/p>\n","protected":false},"author":17,"featured_media":0,"comment_status":"closed","ping_status":"closed","sticky":false,"template":"","format":"standard","meta":[],"categories":[63],"tags":[],"jetpack_featured_media_url":"","_links":{"self":[{"href":"https:\/\/www.paroisse-aucamville-st-loup-cammas.fr\/site\/wp-json\/wp\/v2\/posts\/21072"}],"collection":[{"href":"https:\/\/www.paroisse-aucamville-st-loup-cammas.fr\/site\/wp-json\/wp\/v2\/posts"}],"about":[{"href":"https:\/\/www.paroisse-aucamville-st-loup-cammas.fr\/site\/wp-json\/wp\/v2\/types\/post"}],"author":[{"embeddable":true,"href":"https:\/\/www.paroisse-aucamville-st-loup-cammas.fr\/site\/wp-json\/wp\/v2\/users\/17"}],"replies":[{"embeddable":true,"href":"https:\/\/www.paroisse-aucamville-st-loup-cammas.fr\/site\/wp-json\/wp\/v2\/comments?post=21072"}],"version-history":[{"count":1,"href":"https:\/\/www.paroisse-aucamville-st-loup-cammas.fr\/site\/wp-json\/wp\/v2\/posts\/21072\/revisions"}],"predecessor-version":[{"id":21073,"href":"https:\/\/www.paroisse-aucamville-st-loup-cammas.fr\/site\/wp-json\/wp\/v2\/posts\/21072\/revisions\/21073"}],"wp:attachment":[{"href":"https:\/\/www.paroisse-aucamville-st-loup-cammas.fr\/site\/wp-json\/wp\/v2\/media?parent=21072"}],"wp:term":[{"taxonomy":"category","embeddable":true,"href":"https:\/\/www.paroisse-aucamville-st-loup-cammas.fr\/site\/wp-json\/wp\/v2\/categories?post=21072"},{"taxonomy":"post_tag","embeddable":true,"href":"https:\/\/www.paroisse-aucamville-st-loup-cammas.fr\/site\/wp-json\/wp\/v2\/tags?post=21072"}],"curies":[{"name":"wp","href":"https:\/\/api.w.org\/{rel}","templated":true}]}}