{"id":21079,"date":"2026-05-01T09:40:29","date_gmt":"2026-05-01T08:40:29","guid":{"rendered":"http:\/\/www.paroisse-aucamville-st-loup-cammas.fr\/site\/?p=21079"},"modified":"2026-05-01T09:40:29","modified_gmt":"2026-05-01T08:40:29","slug":"leglise-de-labastide-st-sernin-a-lhonneur","status":"publish","type":"post","link":"https:\/\/www.paroisse-aucamville-st-loup-cammas.fr\/site\/leglise-de-labastide-st-sernin-a-lhonneur\/","title":{"rendered":"L&rsquo;\u00e9glise de Labastide St Sernin \u00e0 l&rsquo;honneur."},"content":{"rendered":"<p align=\"JUSTIFY\">Quatre mois et demi apr\u00e8s sa fermeture pour travaux ext\u00e9rieurs, l&rsquo;\u00e9glise de Labastide Saint Sernin a pu accueillir \u00e0 nouveau les paroissiens. Une messe \u00e9tait c\u00e9l\u00e9br\u00e9e qui rassemblait beaucoup de fid\u00e8les venus admirer la fa\u00e7ade r\u00e9nov\u00e9e. P\u00e8re Gibson n&rsquo;a pas manqu\u00e9 de remercier monsieur le maire qui a dirig\u00e9 les travaux pendant son dernier mandat et madame le maire nouvellement \u00e9lue, tous deux pr\u00e9sents \u00e0 cette inauguration.<\/p>\n<p align=\"JUSTIFY\">Apr\u00e8s la c\u00e9l\u00e9bration un verre de l&rsquo;amiti\u00e9 \u00e9tait organis\u00e9 par la Communaut\u00e9 Paroissiale Locale de Labastide aid\u00e9e par la mairie. Nombreux ceux et celles qui ont trinqu\u00e9 dans la joie, la bonne humeur et la bienveillance pour f\u00eater cette belle \u00e9glise.<\/p>\n","protected":false},"excerpt":{"rendered":"<p>Quatre mois et demi apr\u00e8s sa fermeture pour travaux ext\u00e9rieurs, [&hellip;]<\/p>\n","protected":false},"author":17,"featured_media":21080,"comment_status":"closed","ping_status":"closed","sticky":false,"template":"","format":"standard","meta":[],"categories":[77,94,69],"tags":[],"jetpack_featured_media_url":"https:\/\/www.paroisse-aucamville-st-loup-cammas.fr\/site\/wp-content\/uploads\/20260426_104714-scaled.jpg","_links":{"self":[{"href":"https:\/\/www.paroisse-aucamville-st-loup-cammas.fr\/site\/wp-json\/wp\/v2\/posts\/21079"}],"collection":[{"href":"https:\/\/www.paroisse-aucamville-st-loup-cammas.fr\/site\/wp-json\/wp\/v2\/posts"}],"about":[{"href":"https:\/\/www.paroisse-aucamville-st-loup-cammas.fr\/site\/wp-json\/wp\/v2\/types\/post"}],"author":[{"embeddable":true,"href":"https:\/\/www.paroisse-aucamville-st-loup-cammas.fr\/site\/wp-json\/wp\/v2\/users\/17"}],"replies":[{"embeddable":true,"href":"https:\/\/www.paroisse-aucamville-st-loup-cammas.fr\/site\/wp-json\/wp\/v2\/comments?post=21079"}],"version-history":[{"count":1,"href":"https:\/\/www.paroisse-aucamville-st-loup-cammas.fr\/site\/wp-json\/wp\/v2\/posts\/21079\/revisions"}],"predecessor-version":[{"id":21082,"href":"https:\/\/www.paroisse-aucamville-st-loup-cammas.fr\/site\/wp-json\/wp\/v2\/posts\/21079\/revisions\/21082"}],"wp:featuredmedia":[{"embeddable":true,"href":"https:\/\/www.paroisse-aucamville-st-loup-cammas.fr\/site\/wp-json\/wp\/v2\/media\/21080"}],"wp:attachment":[{"href":"https:\/\/www.paroisse-aucamville-st-loup-cammas.fr\/site\/wp-json\/wp\/v2\/media?parent=21079"}],"wp:term":[{"taxonomy":"category","embeddable":true,"href":"https:\/\/www.paroisse-aucamville-st-loup-cammas.fr\/site\/wp-json\/wp\/v2\/categories?post=21079"},{"taxonomy":"post_tag","embeddable":true,"href":"https:\/\/www.paroisse-aucamville-st-loup-cammas.fr\/site\/wp-json\/wp\/v2\/tags?post=21079"}],"curies":[{"name":"wp","href":"https:\/\/api.w.org\/{rel}","templated":true}]}}